{"id":25243,"date":"2025-05-16T18:33:53","date_gmt":"2025-05-16T17:33:53","guid":{"rendered":"https:\/\/vrtec-sezana.si\/?p=25243"},"modified":"2025-06-19T16:20:50","modified_gmt":"2025-06-19T15:20:50","slug":"ekologija-v-vrtcu-senozece-2-del","status":"publish","type":"post","link":"https:\/\/vrtec-sezana.si\/?p=25243","title":{"rendered":"Ekologija v vrtcu Seno\u017ee\u010de \u2013 2.del"},"content":{"rendered":"\n<p>. <\/p>\n\n\n\n<p>Vabljeni k ogledu galerije, kjer si lahko skupaj z otroki ogledate, kako smo v zadnjih dneh poskrbeli za urejenost na\u0161ega igri\u0161\u010da in visoke grede Otroci so z veseljem grabili, sadili, zalivali in opazovali rast rastlin. Ob tem so razvijali skrb za naravo, sodelovali drug z drugim in prispevali k prijetnej\u0161emu vrt\u010devskemu okolju.<\/p>\n\n\n\n<p>Na\u0161 zunanji prostor je zdaj \u0161e lep\u0161i, predvsem pa poln novih prilo\u017enosti za igro, raziskovanje in u\u010denje v naravi.<\/p>\n\n\n\n<p>Besedilo: Branka Trampu\u0161<\/p>\n\n\n\n<p>Fotografije: arhiv vrtca Seno\u017ee\u010de<\/p>\n\n\n\n<div class=\"wp-block-buttons is-layout-flex wp-block-buttons-is-layout-flex\">\n<div class=\"wp-block-button\"><a class=\"wp-block-button__link wp-element-button\" href=\"https:\/\/vrtec-sezana.si\/?page_id=25219\">GALERIJA<\/a><\/div>\n<\/div>\n","protected":false},"excerpt":{"rendered":"<p>. Vabljeni k ogledu galerije, kjer si lahko skupaj z otroki ogledate, kako smo v zadnjih dneh poskrbeli za urejenost na\u0161ega igri\u0161\u010da in visoke grede Otroci so z veseljem grabili, sadili, zalivali in opazovali rast rastlin. Ob tem so razvijali skrb za&#8230;<\/p>\n","protected":false},"author":24,"featured_media":25245,"comment_status":"closed","ping_status":"closed","sticky":false,"template":"","format":"standard","meta":{"footnotes":""},"categories":[14],"tags":[],"jetpack_featured_media_url":"https:\/\/vrtec-sezana.si\/wp-content\/uploads\/2025\/05\/Uvodna-2.jpeg","_links":{"self":[{"href":"https:\/\/vrtec-sezana.si\/index.php?rest_route=\/wp\/v2\/posts\/25243"}],"collection":[{"href":"https:\/\/vrtec-sezana.si\/index.php?rest_route=\/wp\/v2\/posts"}],"about":[{"href":"https:\/\/vrtec-sezana.si\/index.php?rest_route=\/wp\/v2\/types\/post"}],"author":[{"embeddable":true,"href":"https:\/\/vrtec-sezana.si\/index.php?rest_route=\/wp\/v2\/users\/24"}],"replies":[{"embeddable":true,"href":"https:\/\/vrtec-sezana.si\/index.php?rest_route=%2Fwp%2Fv2%2Fcomments&post=25243"}],"version-history":[{"count":2,"href":"https:\/\/vrtec-sezana.si\/index.php?rest_route=\/wp\/v2\/posts\/25243\/revisions"}],"predecessor-version":[{"id":26606,"href":"https:\/\/vrtec-sezana.si\/index.php?rest_route=\/wp\/v2\/posts\/25243\/revisions\/26606"}],"wp:featuredmedia":[{"embeddable":true,"href":"https:\/\/vrtec-sezana.si\/index.php?rest_route=\/wp\/v2\/media\/25245"}],"wp:attachment":[{"href":"https:\/\/vrtec-sezana.si\/index.php?rest_route=%2Fwp%2Fv2%2Fmedia&parent=25243"}],"wp:term":[{"taxonomy":"category","embeddable":true,"href":"https:\/\/vrtec-sezana.si\/index.php?rest_route=%2Fwp%2Fv2%2Fcategories&post=25243"},{"taxonomy":"post_tag","embeddable":true,"href":"https:\/\/vrtec-sezana.si\/index.php?rest_route=%2Fwp%2Fv2%2Ftags&post=25243"}],"curies":[{"name":"wp","href":"https:\/\/api.w.org\/{rel}","templated":true}]}}