{"id":25184,"date":"2025-05-16T06:54:06","date_gmt":"2025-05-16T05:54:06","guid":{"rendered":"https:\/\/vrtec-sezana.si\/?p=25184"},"modified":"2025-05-16T06:54:07","modified_gmt":"2025-05-16T05:54:07","slug":"dobrodosli-v-skupini-zabice-2","status":"publish","type":"post","link":"https:\/\/vrtec-sezana.si\/?p=25184","title":{"rendered":"Dobrodo\u0161li v skupini \u017dabice"},"content":{"rendered":"\n<p>Meseca aprila je v na\u0161o skupino \u017dabice prvi\u010d zakorakalo 5 de\u010dkov in 1 deklica. Vsak teden je bil bolj\u0161i in vsak dan je bilo manj solzic. Konec aprila smo bili \u017ee prava vesela dru\u0161\u010dina.<\/p>\n\n\n\n<p>Raziskali smo tudi vse, kar na\u0161 vrtec ponuja zanimivega za gibanje. Ob lepem vremenu smo bili na terasi. Ko je bilo slabo vreme, smo&nbsp; igralnico spremenili v \u201dgibalnico\u201d in otrokom smo pripravili razli\u010dne \u0161portne pripomo\u010dke.<\/p>\n\n\n\n<p>Svetovni dan Zemlje smo obele\u017eili v igri z zemljo, kamen\u010dki in listjem ter hojo z bosimi stopali po \u010dutni poti iz naravnih materialov (kamenje, trava, pesek, vejice, leseni krogi). \u010cutna pot je bila nekaj novega in zanimivega.<\/p>\n\n\n\n<p>Komaj \u010dakamo spoznati ostale prijatelje, ki se nam bodo pridru\u017eili v mesecu maju.<\/p>\n\n\n\n<p>Pred nami je pestro poletje, ki bo polno igranja, smeha in spoznavanja novih stvari. Veselimo se skupnih dogodiv\u0161\u010din.<\/p>\n\n\n\n<p>Besedilo: Amela Brki\u0107<\/p>\n\n\n\n<p>Fotografije: Amela Brki\u0107<\/p>\n\n\n\n<div class=\"wp-block-buttons is-layout-flex wp-block-buttons-is-layout-flex\">\n<div class=\"wp-block-button\"><a class=\"wp-block-button__link wp-element-button\" href=\"https:\/\/vrtec-sezana.si\/?page_id=25161\">GALERIJA<\/a><\/div>\n<\/div>\n","protected":false},"excerpt":{"rendered":"<p>Meseca aprila je v na\u0161o skupino \u017dabice prvi\u010d zakorakalo 5 de\u010dkov in 1 deklica. Vsak teden je bil bolj\u0161i in vsak dan je bilo manj solzic. Konec aprila smo bili \u017ee prava vesela dru\u0161\u010dina. Raziskali smo tudi vse, kar na\u0161 vrtec ponuja&#8230;<\/p>\n","protected":false},"author":23,"featured_media":25182,"comment_status":"closed","ping_status":"closed","sticky":false,"template":"","format":"standard","meta":{"footnotes":""},"categories":[10],"tags":[],"jetpack_featured_media_url":"https:\/\/vrtec-sezana.si\/wp-content\/uploads\/2025\/05\/il_fullxfull.2177911176_n3e9.webp","_links":{"self":[{"href":"https:\/\/vrtec-sezana.si\/index.php?rest_route=\/wp\/v2\/posts\/25184"}],"collection":[{"href":"https:\/\/vrtec-sezana.si\/index.php?rest_route=\/wp\/v2\/posts"}],"about":[{"href":"https:\/\/vrtec-sezana.si\/index.php?rest_route=\/wp\/v2\/types\/post"}],"author":[{"embeddable":true,"href":"https:\/\/vrtec-sezana.si\/index.php?rest_route=\/wp\/v2\/users\/23"}],"replies":[{"embeddable":true,"href":"https:\/\/vrtec-sezana.si\/index.php?rest_route=%2Fwp%2Fv2%2Fcomments&post=25184"}],"version-history":[{"count":1,"href":"https:\/\/vrtec-sezana.si\/index.php?rest_route=\/wp\/v2\/posts\/25184\/revisions"}],"predecessor-version":[{"id":25185,"href":"https:\/\/vrtec-sezana.si\/index.php?rest_route=\/wp\/v2\/posts\/25184\/revisions\/25185"}],"wp:featuredmedia":[{"embeddable":true,"href":"https:\/\/vrtec-sezana.si\/index.php?rest_route=\/wp\/v2\/media\/25182"}],"wp:attachment":[{"href":"https:\/\/vrtec-sezana.si\/index.php?rest_route=%2Fwp%2Fv2%2Fmedia&parent=25184"}],"wp:term":[{"taxonomy":"category","embeddable":true,"href":"https:\/\/vrtec-sezana.si\/index.php?rest_route=%2Fwp%2Fv2%2Fcategories&post=25184"},{"taxonomy":"post_tag","embeddable":true,"href":"https:\/\/vrtec-sezana.si\/index.php?rest_route=%2Fwp%2Fv2%2Ftags&post=25184"}],"curies":[{"name":"wp","href":"https:\/\/api.w.org\/{rel}","templated":true}]}}