{"id":25133,"date":"2025-05-14T20:12:29","date_gmt":"2025-05-14T19:12:29","guid":{"rendered":"https:\/\/vrtec-sezana.si\/?p=25133"},"modified":"2025-05-14T20:12:29","modified_gmt":"2025-05-14T19:12:29","slug":"skupno-dozivetje-skupine-metulji-v-jami-vilenica","status":"publish","type":"post","link":"https:\/\/vrtec-sezana.si\/?p=25133","title":{"rendered":"Skupno do\u017eivetje skupine Metulji v jami Vilenica"},"content":{"rendered":"\n<p><\/p>\n\n\n\n<p>V sredo, 7.maja, smo se otroci iz skupine Metulji skupaj s star\u0161i odpravili na prav posebno dogodiv\u0161\u010dino &#8211; obiskali smo \u010dudovito jamo Vilenico. Sre\u010danje je potekalo v prijetnem in spro\u0161\u010denem vzdu\u0161ju, \u0161e posebej zato, ker smo se otroci, star\u0161i in vzgojiteljici sre\u010dali izven vsakdanje vrt\u010devske rutine.<\/p>\n\n\n\n<p>Skozi podzemni svet nas je popeljal vodnik in jamar Jordan, ki nas je navdu\u0161il s svojo predstavitvijo jame. Z zanimivimi pripovedmi o nastanku jame, kapnikih in vilah, ki naj bi po legendi tam prebivale, je pritegnil pozornost tako otrok kot odraslih. Otroci so z velikimi o\u010dmi opazovali \u010darobne kapnike in skrivnostne koti\u010dke jame. Njihovo navdu\u0161enje, radovedna vpra\u0161anja in iskreni odzivi so pri\u010darali prav posebno energijo. Po ogledu smo si vzeli \u010das \u0161e za spro\u0161\u010den pogovor in dru\u017eenje pred vhodom v jamo.<\/p>\n\n\n\n<p>Naslednji dan smo v vrtcu prebrali pravljico o vilah, ki \u017eivijo v jami Vilenici. Otroci so zgodbo povezovali z v\u010deraj\u0161njim do\u017eivetjem, ob tem pa razvijali svojo domi\u0161ljijo in podo\u017eivljali skrivnostni svet, ki so ga obiskali.<\/p>\n\n\n\n<p>Skupno do\u017eivetje nam bo vsem ostalo v lepem spominu, otroci so \u017ee naslednji dan pripovedovali, kako so \u00bbhodili po jami kot pravi raziskovalci\u00ab. Hvale\u017eni smo star\u0161em za sodelovanje ter vodniku Jordanu za odli\u010dno vodenje in prijaznost.<\/p>\n\n\n\n<p><\/p>\n\n\n\n<p>Besedilo: Mateja Berce<\/p>\n\n\n\n<p>Fotografije: Mateja Berce<\/p>\n\n\n\n<div class=\"wp-block-buttons is-layout-flex wp-block-buttons-is-layout-flex\">\n<div class=\"wp-block-button\"><a class=\"wp-block-button__link wp-element-button\" href=\"https:\/\/vrtec-sezana.si\/?page_id=25122\">GALERIJA<\/a><\/div>\n<\/div>\n","protected":false},"excerpt":{"rendered":"<p>V sredo, 7.maja, smo se otroci iz skupine Metulji skupaj s star\u0161i odpravili na prav posebno dogodiv\u0161\u010dino &#8211; obiskali smo \u010dudovito jamo Vilenico. Sre\u010danje je potekalo v prijetnem in spro\u0161\u010denem vzdu\u0161ju, \u0161e posebej zato, ker smo se otroci, star\u0161i in vzgojiteljici sre\u010dali&#8230;<\/p>\n","protected":false},"author":20,"featured_media":25123,"comment_status":"closed","ping_status":"closed","sticky":false,"template":"","format":"standard","meta":{"footnotes":""},"categories":[8],"tags":[],"jetpack_featured_media_url":"https:\/\/vrtec-sezana.si\/wp-content\/uploads\/2025\/05\/IMG_20250507_181055-scaled.jpg","_links":{"self":[{"href":"https:\/\/vrtec-sezana.si\/index.php?rest_route=\/wp\/v2\/posts\/25133"}],"collection":[{"href":"https:\/\/vrtec-sezana.si\/index.php?rest_route=\/wp\/v2\/posts"}],"about":[{"href":"https:\/\/vrtec-sezana.si\/index.php?rest_route=\/wp\/v2\/types\/post"}],"author":[{"embeddable":true,"href":"https:\/\/vrtec-sezana.si\/index.php?rest_route=\/wp\/v2\/users\/20"}],"replies":[{"embeddable":true,"href":"https:\/\/vrtec-sezana.si\/index.php?rest_route=%2Fwp%2Fv2%2Fcomments&post=25133"}],"version-history":[{"count":1,"href":"https:\/\/vrtec-sezana.si\/index.php?rest_route=\/wp\/v2\/posts\/25133\/revisions"}],"predecessor-version":[{"id":25134,"href":"https:\/\/vrtec-sezana.si\/index.php?rest_route=\/wp\/v2\/posts\/25133\/revisions\/25134"}],"wp:featuredmedia":[{"embeddable":true,"href":"https:\/\/vrtec-sezana.si\/index.php?rest_route=\/wp\/v2\/media\/25123"}],"wp:attachment":[{"href":"https:\/\/vrtec-sezana.si\/index.php?rest_route=%2Fwp%2Fv2%2Fmedia&parent=25133"}],"wp:term":[{"taxonomy":"category","embeddable":true,"href":"https:\/\/vrtec-sezana.si\/index.php?rest_route=%2Fwp%2Fv2%2Fcategories&post=25133"},{"taxonomy":"post_tag","embeddable":true,"href":"https:\/\/vrtec-sezana.si\/index.php?rest_route=%2Fwp%2Fv2%2Ftags&post=25133"}],"curies":[{"name":"wp","href":"https:\/\/api.w.org\/{rel}","templated":true}]}}