{"id":25096,"date":"2025-05-19T20:26:41","date_gmt":"2025-05-19T19:26:41","guid":{"rendered":"https:\/\/vrtec-sezana.si\/?p=25096"},"modified":"2025-05-19T20:26:41","modified_gmt":"2025-05-19T19:26:41","slug":"v-skupini-soncki-smo-spoznavali-metulje","status":"publish","type":"post","link":"https:\/\/vrtec-sezana.si\/?p=25096","title":{"rendered":"V skupini Son\u010dki smo spoznavali metulje"},"content":{"rendered":"\n<p>V vrtcu smo z otroki raziskovali temo&nbsp; o metuljih. Tema je nastala kot del pomladnih vsebin in zanimanja otrok za naravo, \u0161e posebej&nbsp;za \u017eiva bitja, ki jih lahko opazujemo&nbsp;na travniku in okolici na\u0161ega vrtca. Pogovarjali smo se o metuljih: kako izgledajo, kako se gibljejo in kje jih najdemo. Ogledali smo si fotografije, pravljice in enciklopedije, ki so jih otroci prina\u0161ali v vrtec in predstavili celi skupini. Spoznali smo \u017eivljenjski krog&nbsp;metulja: jaj\u010dece &#8211; gosenica &#8211;&nbsp;buba &#8211; metulj. V vrtec je vzgojiteljica prinesla gosenico, ki smo jo vsakodnevno opazovali v na\u0161em terariju. \u010cez nekaj dni se je zabubila. Ko smo \u017ee mislili, da ne bo ni\u010d, nas je nekega jutra pri\u010dakal pravi metulj\u010dek. Seveda smo ga odnesli na travnik in ga izpustili.<\/p>\n\n\n\n<p>Zelo veliko smo likovno ustvarjali. Z izdelki smo okrasili na\u0161o igralnico in hodnik.<\/p>\n\n\n\n<p>Spoznali smo tudi pravljico Trije metulji. Izdelali smo si rekvizite za dramatizacijo in jo pridno vadili. Odlo\u010dili smo se, da bomo povabili star\u0161e v vrtec in jim jo zaigrali na zadnjem sre\u010danju.<\/p>\n\n\n\n<p>Tema o metuljih je otroke zelo pritegnila. Spoznali smo veliko novega, razvijali ustvarjalnost in veselje do raziskovanja.<\/p>\n\n\n\n<p>Besedilo: Tina \u0160vara<\/p>\n\n\n\n<p>Fotografije: Denis Lemut<\/p>\n\n\n\n<div class=\"wp-block-buttons is-layout-flex wp-block-buttons-is-layout-flex\">\n<div class=\"wp-block-button\"><a class=\"wp-block-button__link wp-element-button\" href=\"https:\/\/vrtec-sezana.si\/?page_id=25086\">GALERIJA<\/a><\/div>\n<\/div>\n","protected":false},"excerpt":{"rendered":"<p>V vrtcu smo z otroki raziskovali temo&nbsp; o metuljih. Tema je nastala kot del pomladnih vsebin in zanimanja otrok za naravo, \u0161e posebej&nbsp;za \u017eiva bitja, ki jih lahko opazujemo&nbsp;na travniku in okolici na\u0161ega vrtca. Pogovarjali smo se o metuljih: kako izgledajo, kako&#8230;<\/p>\n","protected":false},"author":16,"featured_media":25097,"comment_status":"closed","ping_status":"closed","sticky":false,"template":"","format":"standard","meta":{"footnotes":""},"categories":[15],"tags":[],"jetpack_featured_media_url":"https:\/\/vrtec-sezana.si\/wp-content\/uploads\/2025\/05\/images-1.jpg","_links":{"self":[{"href":"https:\/\/vrtec-sezana.si\/index.php?rest_route=\/wp\/v2\/posts\/25096"}],"collection":[{"href":"https:\/\/vrtec-sezana.si\/index.php?rest_route=\/wp\/v2\/posts"}],"about":[{"href":"https:\/\/vrtec-sezana.si\/index.php?rest_route=\/wp\/v2\/types\/post"}],"author":[{"embeddable":true,"href":"https:\/\/vrtec-sezana.si\/index.php?rest_route=\/wp\/v2\/users\/16"}],"replies":[{"embeddable":true,"href":"https:\/\/vrtec-sezana.si\/index.php?rest_route=%2Fwp%2Fv2%2Fcomments&post=25096"}],"version-history":[{"count":2,"href":"https:\/\/vrtec-sezana.si\/index.php?rest_route=\/wp\/v2\/posts\/25096\/revisions"}],"predecessor-version":[{"id":25099,"href":"https:\/\/vrtec-sezana.si\/index.php?rest_route=\/wp\/v2\/posts\/25096\/revisions\/25099"}],"wp:featuredmedia":[{"embeddable":true,"href":"https:\/\/vrtec-sezana.si\/index.php?rest_route=\/wp\/v2\/media\/25097"}],"wp:attachment":[{"href":"https:\/\/vrtec-sezana.si\/index.php?rest_route=%2Fwp%2Fv2%2Fmedia&parent=25096"}],"wp:term":[{"taxonomy":"category","embeddable":true,"href":"https:\/\/vrtec-sezana.si\/index.php?rest_route=%2Fwp%2Fv2%2Fcategories&post=25096"},{"taxonomy":"post_tag","embeddable":true,"href":"https:\/\/vrtec-sezana.si\/index.php?rest_route=%2Fwp%2Fv2%2Ftags&post=25096"}],"curies":[{"name":"wp","href":"https:\/\/api.w.org\/{rel}","templated":true}]}}