{"id":25083,"date":"2025-05-13T12:16:15","date_gmt":"2025-05-13T11:16:15","guid":{"rendered":"https:\/\/vrtec-sezana.si\/?p=25083"},"modified":"2025-05-13T12:16:15","modified_gmt":"2025-05-13T11:16:15","slug":"pomladni-pohod-srecanje-s-starsi","status":"publish","type":"post","link":"https:\/\/vrtec-sezana.si\/?p=25083","title":{"rendered":"Pomladni pohod &#8211; sre\u010danje s star\u0161i"},"content":{"rendered":"\n<p>V \u010detrtek,&nbsp; na lep pomladni son\u010den dan smo otroci iz skupine \u00bbRa\u010dke\u00ab\u00ab&nbsp; povabili star\u0161e na pomladno sre\u010danje.&nbsp;&nbsp; Tako smo se vse&nbsp; tem lepem, pomladnem popoldnevu skupaj s star\u0161i odpravili na kratek pohod po okolici prelepega \u0160tanjela. Pohod smo pri\u010deli pri vrtcu in nadaljevali do Fabianijevega vrta. Na kratki, a raznoliki poti so otroci opazovali naravo, poslu\u0161ali pti\u010dje petje, se smejali. V prelepem ambientu parka, so otroci navdu\u0161ili star\u0161e s preprostim, a zelo sr\u010dnim nastopom. Pokazali in povedali so&nbsp; kaj smo spoznavali v zadnjem mesecu. Predstavili so se z glasbeno \u2013 gibalno igro \u201cTri male \u017eabice\u201c in pesmico \u201cKaj \u017eabica dela\u201c, katero smo priredili v rajalno igro. Bili so zelo veseli in ponosni, da so lahko nastopili pred star\u0161i, star\u0161i pa so bili ganjeni nad svojimi pogumnimi mal\u010dki. Strokovni delavki sva jim pripravili tudi \u201c\u017eabice\u201c na vrvici, ki so jih otroci nosili okoli vratu. Vzdu\u0161je je bilo igrivo, spro\u0161\u010deno in polno otro\u0161kega smeha. Nadaljevali smo z manj\u0161o pogostitvijo. Po prijetnem dru\u017eenju, smo se odpravili nazaj proti vrtcu, kjer smo se poslovili.<\/p>\n\n\n\n<p>Sre\u010danje je bilo zelo sr\u010dno in prijetno.<\/p>\n\n\n\n<p>Hvala vsem, ki ste si vzeli \u010das in se udele\u017eili na\u0161ega zadnjega sre\u010danja v tem \u0161olskem letu in tako naredili ta popoldan \u0161e bolj poseben. Skupaj smo pokazali, kako dragoceni so trenutki, ko se sre\u010data otro\u0161tvo in dru\u017eina v skupnem do\u017eivetju.<\/p>\n\n\n\n<p>Besedilo: Alenka Budin Vodopivec&nbsp;&nbsp;&nbsp;&nbsp;&nbsp;<\/p>\n\n\n\n<p>Fotografija: Arhiv vrtca \u0160tanjel<\/p>\n\n\n\n<div class=\"wp-block-buttons is-layout-flex wp-block-buttons-is-layout-flex\">\n<div class=\"wp-block-button\"><a class=\"wp-block-button__link wp-element-button\" href=\"https:\/\/vrtec-sezana.si\/?page_id=25075\">GALERIJA<\/a><\/div>\n<\/div>\n","protected":false},"excerpt":{"rendered":"<p>V \u010detrtek,&nbsp; na lep pomladni son\u010den dan smo otroci iz skupine \u00bbRa\u010dke\u00ab\u00ab&nbsp; povabili star\u0161e na pomladno sre\u010danje.&nbsp;&nbsp; Tako smo se vse&nbsp; tem lepem, pomladnem popoldnevu skupaj s star\u0161i odpravili na kratek pohod po okolici prelepega \u0160tanjela. Pohod smo pri\u010deli pri vrtcu in&#8230;<\/p>\n","protected":false},"author":16,"featured_media":25084,"comment_status":"closed","ping_status":"closed","sticky":false,"template":"","format":"standard","meta":{"footnotes":""},"categories":[15],"tags":[],"jetpack_featured_media_url":"https:\/\/vrtec-sezana.si\/wp-content\/uploads\/2025\/05\/naslovna.jpg","_links":{"self":[{"href":"https:\/\/vrtec-sezana.si\/index.php?rest_route=\/wp\/v2\/posts\/25083"}],"collection":[{"href":"https:\/\/vrtec-sezana.si\/index.php?rest_route=\/wp\/v2\/posts"}],"about":[{"href":"https:\/\/vrtec-sezana.si\/index.php?rest_route=\/wp\/v2\/types\/post"}],"author":[{"embeddable":true,"href":"https:\/\/vrtec-sezana.si\/index.php?rest_route=\/wp\/v2\/users\/16"}],"replies":[{"embeddable":true,"href":"https:\/\/vrtec-sezana.si\/index.php?rest_route=%2Fwp%2Fv2%2Fcomments&post=25083"}],"version-history":[{"count":1,"href":"https:\/\/vrtec-sezana.si\/index.php?rest_route=\/wp\/v2\/posts\/25083\/revisions"}],"predecessor-version":[{"id":25085,"href":"https:\/\/vrtec-sezana.si\/index.php?rest_route=\/wp\/v2\/posts\/25083\/revisions\/25085"}],"wp:featuredmedia":[{"embeddable":true,"href":"https:\/\/vrtec-sezana.si\/index.php?rest_route=\/wp\/v2\/media\/25084"}],"wp:attachment":[{"href":"https:\/\/vrtec-sezana.si\/index.php?rest_route=%2Fwp%2Fv2%2Fmedia&parent=25083"}],"wp:term":[{"taxonomy":"category","embeddable":true,"href":"https:\/\/vrtec-sezana.si\/index.php?rest_route=%2Fwp%2Fv2%2Fcategories&post=25083"},{"taxonomy":"post_tag","embeddable":true,"href":"https:\/\/vrtec-sezana.si\/index.php?rest_route=%2Fwp%2Fv2%2Ftags&post=25083"}],"curies":[{"name":"wp","href":"https:\/\/api.w.org\/{rel}","templated":true}]}}