{"id":25072,"date":"2025-05-13T12:12:39","date_gmt":"2025-05-13T11:12:39","guid":{"rendered":"https:\/\/vrtec-sezana.si\/?p=25072"},"modified":"2025-05-13T12:12:39","modified_gmt":"2025-05-13T11:12:39","slug":"od-mresta-do-zabice-odkrivanje-narave-z-najmlajsimi","status":"publish","type":"post","link":"https:\/\/vrtec-sezana.si\/?p=25072","title":{"rendered":"Od mresta do \u017eabice \u2013 odkrivanje narave z najmlaj\u0161imi"},"content":{"rendered":"\n<p>Izbrana tema <em>&#8220;Od mresta do \u017eabice&#8221;<\/em> je temeljila na naravnem izhodi\u0161\u010du \u2013 opazovanju mlake pri \u017eelezni\u0161ki postaji. Otrokom sva \u017eeleli pribli\u017eati osnovno do\u017eivljanje narave, predvsem pa jih spodbuditi k raziskovanju, &nbsp;ustvarjanju in razvijanju \u010dutnega zaznavanja skozi vsebinsko bogate in razvojno primerne dejavnosti. Otroci so z navdu\u0161enjem opazovali spremembe, bo\u017eali paglavce, pripravljali akvarij. Na ra\u010dunalniku smo si ogledali razvojni krog \u017eab in skupaj izdelali tudi plakat ob katerem se otroci pogosto zadr\u017eujejo.&nbsp; Ob knjigah, pravljicah in lutkah o \u017eabah smo bogatili besedni zaklad ter spodbujali prvo izra\u017eanje.&nbsp; Pritegnila nas je zgodba o paglavcu Kvaku, katero smo pogosto pripovedovali ob ilustracijah. Vklju\u010dili sva tudi gibanje na prostem, preproste igre in premagovanje ovir, kar je krepilo motoriko in orientacijo v prostoru. Ob umetni\u0161kih dejavnostih so otroci risali paglavce ob opazovanju,&nbsp; sestavljali \u017eabice iz delov v celoto , peli pesmi ter poustvarili ogla\u0161anje \u017eab z orehovimi lupinami. Nau\u010dili smo se tudi nov ples \u00bbTri majhne \u017eabice\u00ab.<\/p>\n\n\n\n<p>Med samim projektom so se otroci veliko novega nau\u010dili in spoznali. Skozi ves \u010das so bili aktivno vklju\u010deni in glede na njihove odzive jih je izbrana tema zelo navdu\u0161ila.<\/p>\n\n\n\n<p>Besedilo in fotografije: Katarina \u010cernigoj<\/p>\n\n\n\n<div class=\"wp-block-buttons is-layout-flex wp-block-buttons-is-layout-flex\">\n<div class=\"wp-block-button\"><a class=\"wp-block-button__link wp-element-button\" href=\"https:\/\/vrtec-sezana.si\/?page_id=25053\">GALERIJA<\/a><\/div>\n<\/div>\n","protected":false},"excerpt":{"rendered":"<p>Izbrana tema &#8220;Od mresta do \u017eabice&#8221; je temeljila na naravnem izhodi\u0161\u010du \u2013 opazovanju mlake pri \u017eelezni\u0161ki postaji. Otrokom sva \u017eeleli pribli\u017eati osnovno do\u017eivljanje narave, predvsem pa jih spodbuditi k raziskovanju, &nbsp;ustvarjanju in razvijanju \u010dutnega zaznavanja skozi vsebinsko bogate in razvojno primerne dejavnosti&#8230;.<\/p>\n","protected":false},"author":16,"featured_media":25073,"comment_status":"closed","ping_status":"closed","sticky":false,"template":"","format":"standard","meta":{"footnotes":""},"categories":[15],"tags":[],"jetpack_featured_media_url":"https:\/\/vrtec-sezana.si\/wp-content\/uploads\/2025\/05\/500px-Skrzek_2006-05-03.jpg","_links":{"self":[{"href":"https:\/\/vrtec-sezana.si\/index.php?rest_route=\/wp\/v2\/posts\/25072"}],"collection":[{"href":"https:\/\/vrtec-sezana.si\/index.php?rest_route=\/wp\/v2\/posts"}],"about":[{"href":"https:\/\/vrtec-sezana.si\/index.php?rest_route=\/wp\/v2\/types\/post"}],"author":[{"embeddable":true,"href":"https:\/\/vrtec-sezana.si\/index.php?rest_route=\/wp\/v2\/users\/16"}],"replies":[{"embeddable":true,"href":"https:\/\/vrtec-sezana.si\/index.php?rest_route=%2Fwp%2Fv2%2Fcomments&post=25072"}],"version-history":[{"count":1,"href":"https:\/\/vrtec-sezana.si\/index.php?rest_route=\/wp\/v2\/posts\/25072\/revisions"}],"predecessor-version":[{"id":25074,"href":"https:\/\/vrtec-sezana.si\/index.php?rest_route=\/wp\/v2\/posts\/25072\/revisions\/25074"}],"wp:featuredmedia":[{"embeddable":true,"href":"https:\/\/vrtec-sezana.si\/index.php?rest_route=\/wp\/v2\/media\/25073"}],"wp:attachment":[{"href":"https:\/\/vrtec-sezana.si\/index.php?rest_route=%2Fwp%2Fv2%2Fmedia&parent=25072"}],"wp:term":[{"taxonomy":"category","embeddable":true,"href":"https:\/\/vrtec-sezana.si\/index.php?rest_route=%2Fwp%2Fv2%2Fcategories&post=25072"},{"taxonomy":"post_tag","embeddable":true,"href":"https:\/\/vrtec-sezana.si\/index.php?rest_route=%2Fwp%2Fv2%2Ftags&post=25072"}],"curies":[{"name":"wp","href":"https:\/\/api.w.org\/{rel}","templated":true}]}}