{"id":25050,"date":"2025-05-11T19:27:04","date_gmt":"2025-05-11T18:27:04","guid":{"rendered":"https:\/\/vrtec-sezana.si\/?p=25050"},"modified":"2025-05-11T19:27:29","modified_gmt":"2025-05-11T18:27:29","slug":"projekt-semena-in-vrtovi-v-skupni-muce-2","status":"publish","type":"post","link":"https:\/\/vrtec-sezana.si\/?p=25050","title":{"rendered":"Obisk komunalne delavke"},"content":{"rendered":"\n<p>V na\u0161i skupini smo gostili komunalno delavko Mojco Ur\u0161i\u010d, ki je otrokom na prijazen, zanimiv in razumljiv na\u010din predstavila pomen lo\u010devanja odpadkov. S seboj je prinesla slikovno gradivo, ki je otrokom omogo\u010dilo la\u017eje razumevanje, zakaj je pomembno, da odpadke pravilno lo\u010dujemo in kako to po\u010dnemo v praksi. Po prostoru je postavila naslikane zabojnike, prinesla razli\u010dne odpadke in skupaj z otroki izpeljala igro \u2013 z igra\u010do smetarskega kamiona so otroci individualno izbirali odpadek in ga \u00bbodpeljali\u00ab v ustrezen zabojnik. Poleg tega nam je predstavila nekaj uporabnih nasvetov, na primer, da embala\u017eo, ki zavzame veliko prostora, stisnemo, da ustvarimo prostor za ve\u010d odpadkov.<\/p>\n\n\n\n<p>Dotaknila se je tudi teme onesna\u017eevanja narave, predvsem gozdov. Ob slikovnem gradivu je otrokom zastavila vpra\u0161anje, ali smemo smetiti v gozdu in zakaj ne. Nekateri otroci so se pri tem odli\u010dno odrezali in pravilno odgovorili \u2013 kar ka\u017ee, da so si veliko zapomnili iz na\u0161ih preteklih pogovorov in branja slikanic na to temo.<\/p>\n\n\n\n<p>Na koncu so otroci komunalni delavki pomagali razvrstiti in pospraviti pripomo\u010dke ter se ji zahvalili. Obisk je bil zelo pou\u010den in zanimiv.<\/p>\n\n\n\n<p><br>Besedilo: Lela Smiljani\u0107<\/p>\n\n\n\n<p>Fotografije: Sa\u0161a Tera\u017e<\/p>\n\n\n\n<div class=\"wp-block-buttons is-layout-flex wp-block-buttons-is-layout-flex\">\n<div class=\"wp-block-button\"><a class=\"wp-block-button__link wp-element-button\" href=\"https:\/\/vrtec-sezana.si\/?page_id=25031\">GALERIJA<\/a><\/div>\n\n\n\n\n<\/div>\n","protected":false},"excerpt":{"rendered":"<p>V na\u0161i skupini smo gostili komunalno delavko Mojco Ur\u0161i\u010d, ki je otrokom na prijazen, zanimiv in razumljiv na\u010din predstavila pomen lo\u010devanja odpadkov. S seboj je prinesla slikovno gradivo, ki je otrokom omogo\u010dilo la\u017eje razumevanje, zakaj je pomembno, da odpadke pravilno lo\u010dujemo in&#8230;<\/p>\n","protected":false},"author":26,"featured_media":25048,"comment_status":"closed","ping_status":"closed","sticky":false,"template":"","format":"standard","meta":{"footnotes":""},"categories":[6],"tags":[],"jetpack_featured_media_url":"https:\/\/vrtec-sezana.si\/wp-content\/uploads\/2025\/05\/Odvoz-odpadkov-lo\u0192evanje-5.jpg","_links":{"self":[{"href":"https:\/\/vrtec-sezana.si\/index.php?rest_route=\/wp\/v2\/posts\/25050"}],"collection":[{"href":"https:\/\/vrtec-sezana.si\/index.php?rest_route=\/wp\/v2\/posts"}],"about":[{"href":"https:\/\/vrtec-sezana.si\/index.php?rest_route=\/wp\/v2\/types\/post"}],"author":[{"embeddable":true,"href":"https:\/\/vrtec-sezana.si\/index.php?rest_route=\/wp\/v2\/users\/26"}],"replies":[{"embeddable":true,"href":"https:\/\/vrtec-sezana.si\/index.php?rest_route=%2Fwp%2Fv2%2Fcomments&post=25050"}],"version-history":[{"count":2,"href":"https:\/\/vrtec-sezana.si\/index.php?rest_route=\/wp\/v2\/posts\/25050\/revisions"}],"predecessor-version":[{"id":25052,"href":"https:\/\/vrtec-sezana.si\/index.php?rest_route=\/wp\/v2\/posts\/25050\/revisions\/25052"}],"wp:featuredmedia":[{"embeddable":true,"href":"https:\/\/vrtec-sezana.si\/index.php?rest_route=\/wp\/v2\/media\/25048"}],"wp:attachment":[{"href":"https:\/\/vrtec-sezana.si\/index.php?rest_route=%2Fwp%2Fv2%2Fmedia&parent=25050"}],"wp:term":[{"taxonomy":"category","embeddable":true,"href":"https:\/\/vrtec-sezana.si\/index.php?rest_route=%2Fwp%2Fv2%2Fcategories&post=25050"},{"taxonomy":"post_tag","embeddable":true,"href":"https:\/\/vrtec-sezana.si\/index.php?rest_route=%2Fwp%2Fv2%2Ftags&post=25050"}],"curies":[{"name":"wp","href":"https:\/\/api.w.org\/{rel}","templated":true}]}}