{"id":25025,"date":"2025-05-09T05:13:12","date_gmt":"2025-05-09T04:13:12","guid":{"rendered":"https:\/\/vrtec-sezana.si\/?p=25025"},"modified":"2025-05-09T05:13:12","modified_gmt":"2025-05-09T04:13:12","slug":"april-v-skupini-mravljice-mesec-ekologije-in-zdravja","status":"publish","type":"post","link":"https:\/\/vrtec-sezana.si\/?p=25025","title":{"rendered":"April v skupini Mravljice \u2013 mesec ekologije in zdravja"},"content":{"rendered":"\n<p>V skupini Mravljice smo mesec april posvetili skrbi za okolje in zdrav \u017eivljenjski slog. Obnovili smo znanje o lo\u010devanju odpadkov, pomen recikliranja ter varovanja narave. S pomo\u010djo FIT aktivnih metod, didakti\u010dnih in socialnih iger smo utrjevali ozave\u0161\u010denost o skrbi za na\u0161e okolje. Posebej smo bili ponosni na svojo udele\u017ebo v \u010distilni akciji, kjer smo skupaj prispevali k \u010distej\u0161i okolici vrtca. V na\u0161 vrtec je pri\u0161el tudi zmaj\u010dek Jur\u010dek, ki je v zelenem nahrbtniku prinesel zabavno zgodbo in pohvalo o dobro opravljeni \u010distilni akciji.<\/p>\n\n\n\n<p>Ob svetovnem dnevu zdravja smo se pogovarjali o pomenu gibanja, zdrave hrane in sve\u017eega zraka. Ta dan smo pripravili razli\u010dne igre in poligone kar na prostem, kjer nas je razvajalo toplo pomladno sonce.<\/p>\n\n\n\n<p>April je bil poln sonca, sodelovanja in pomembnih vsebin, ki jih bomo z veseljem prenesli tudi v prihodnje mesece.<\/p>\n\n\n\n<p>Besedilo: Jerca Dakskobler<\/p>\n\n\n\n<p>Fotografije: Jerca Dakskobler<\/p>\n\n\n\n<div class=\"wp-block-buttons is-layout-flex wp-block-buttons-is-layout-flex\">\n<div class=\"wp-block-button\"><a class=\"wp-block-button__link wp-element-button\" href=\"https:\/\/vrtec-sezana.si\/?page_id=24979\">GALERIJA<\/a><\/div>\n<\/div>\n","protected":false},"excerpt":{"rendered":"<p>V skupini Mravljice smo mesec april posvetili skrbi za okolje in zdrav \u017eivljenjski slog. Obnovili smo znanje o lo\u010devanju odpadkov, pomen recikliranja ter varovanja narave. S pomo\u010djo FIT aktivnih metod, didakti\u010dnih in socialnih iger smo utrjevali ozave\u0161\u010denost o skrbi za na\u0161e okolje&#8230;.<\/p>\n","protected":false},"author":23,"featured_media":25023,"comment_status":"closed","ping_status":"closed","sticky":false,"template":"","format":"standard","meta":{"footnotes":""},"categories":[10],"tags":[],"jetpack_featured_media_url":"https:\/\/vrtec-sezana.si\/wp-content\/uploads\/2025\/05\/pngtree-environmental-protection-low-carbon-vector-illustration-png-image_5404312.jpg","_links":{"self":[{"href":"https:\/\/vrtec-sezana.si\/index.php?rest_route=\/wp\/v2\/posts\/25025"}],"collection":[{"href":"https:\/\/vrtec-sezana.si\/index.php?rest_route=\/wp\/v2\/posts"}],"about":[{"href":"https:\/\/vrtec-sezana.si\/index.php?rest_route=\/wp\/v2\/types\/post"}],"author":[{"embeddable":true,"href":"https:\/\/vrtec-sezana.si\/index.php?rest_route=\/wp\/v2\/users\/23"}],"replies":[{"embeddable":true,"href":"https:\/\/vrtec-sezana.si\/index.php?rest_route=%2Fwp%2Fv2%2Fcomments&post=25025"}],"version-history":[{"count":1,"href":"https:\/\/vrtec-sezana.si\/index.php?rest_route=\/wp\/v2\/posts\/25025\/revisions"}],"predecessor-version":[{"id":25026,"href":"https:\/\/vrtec-sezana.si\/index.php?rest_route=\/wp\/v2\/posts\/25025\/revisions\/25026"}],"wp:featuredmedia":[{"embeddable":true,"href":"https:\/\/vrtec-sezana.si\/index.php?rest_route=\/wp\/v2\/media\/25023"}],"wp:attachment":[{"href":"https:\/\/vrtec-sezana.si\/index.php?rest_route=%2Fwp%2Fv2%2Fmedia&parent=25025"}],"wp:term":[{"taxonomy":"category","embeddable":true,"href":"https:\/\/vrtec-sezana.si\/index.php?rest_route=%2Fwp%2Fv2%2Fcategories&post=25025"},{"taxonomy":"post_tag","embeddable":true,"href":"https:\/\/vrtec-sezana.si\/index.php?rest_route=%2Fwp%2Fv2%2Ftags&post=25025"}],"curies":[{"name":"wp","href":"https:\/\/api.w.org\/{rel}","templated":true}]}}