{"id":24908,"date":"2025-05-07T09:32:17","date_gmt":"2025-05-07T08:32:17","guid":{"rendered":"https:\/\/vrtec-sezana.si\/?p=24908"},"modified":"2025-05-07T10:37:37","modified_gmt":"2025-05-07T09:37:37","slug":"obisk-gospoda-rudija-in-zmajcka-jurcka-iz-zpm","status":"publish","type":"post","link":"https:\/\/vrtec-sezana.si\/?p=24908","title":{"rendered":"Obisk gospoda Rudija in zmaj\u010dka Jur\u010dka iz ZPM"},"content":{"rendered":"\n<p>V na\u0161 vrtec Se\u017eana nas je obiskal gospod Rudi in zmaj\u010dek Jur\u010dek iz Zveze prijateljev mladine (ZPM). Sre\u010danje je potekalo v okviru eko projekta, kjer sodelujemo tudi z ZPM pri vsebini Zeleni nahrbtnik. Gospod Rudi nam je pripovedoval pou\u010dno pravljico o zaj\u010dku Leopoldu, ki je praznoval rojstni dan. Ko je pospravljal dvori\u0161\u010de, je naletel na plo\u010devinko, ki jo je odvrgel na travnik. Kasneje mu je zaj\u010dica Mila podarila to isto plo\u010devinko, a z ro\u017eami \u2013 tako je pokazala, kako lahko recikliramo. Po pravljici smo se z gospodom pogovorili o pravilnem lo\u010devanju odpadkov. Zmaj\u010dek Jur\u010dek pa nam je zaupal nalogo \u2013 naj s star\u0161i prinesemo star papir v vr\u010devski zabojnik.<\/p>\n\n\n\n<p>Besedilo: Ne\u017ea Okreti\u010d<\/p>\n\n\n\n<p>Fotografije: Arhiv vrtca Komen<\/p>\n\n\n\n<div class=\"wp-block-buttons is-layout-flex wp-block-buttons-is-layout-flex\">\n<div class=\"wp-block-button\"><a class=\"wp-block-button__link wp-element-button\" href=\"https:\/\/vrtec-sezana.si\/?page_id=24897\">GALERIJA<\/a><\/div>\n<\/div>\n","protected":false},"excerpt":{"rendered":"<p>V na\u0161 vrtec Se\u017eana nas je obiskal gospod Rudi in zmaj\u010dek Jur\u010dek iz Zveze prijateljev mladine (ZPM). Sre\u010danje je potekalo v okviru eko projekta, kjer sodelujemo tudi z ZPM pri vsebini Zeleni nahrbtnik. Gospod Rudi nam je pripovedoval pou\u010dno pravljico o zaj\u010dku&#8230;<\/p>\n","protected":false},"author":39,"featured_media":24909,"comment_status":"closed","ping_status":"closed","sticky":false,"template":"","format":"standard","meta":{"footnotes":""},"categories":[12],"tags":[],"jetpack_featured_media_url":"https:\/\/vrtec-sezana.si\/wp-content\/uploads\/2025\/05\/EmbeddedImage.jpg","_links":{"self":[{"href":"https:\/\/vrtec-sezana.si\/index.php?rest_route=\/wp\/v2\/posts\/24908"}],"collection":[{"href":"https:\/\/vrtec-sezana.si\/index.php?rest_route=\/wp\/v2\/posts"}],"about":[{"href":"https:\/\/vrtec-sezana.si\/index.php?rest_route=\/wp\/v2\/types\/post"}],"author":[{"embeddable":true,"href":"https:\/\/vrtec-sezana.si\/index.php?rest_route=\/wp\/v2\/users\/39"}],"replies":[{"embeddable":true,"href":"https:\/\/vrtec-sezana.si\/index.php?rest_route=%2Fwp%2Fv2%2Fcomments&post=24908"}],"version-history":[{"count":2,"href":"https:\/\/vrtec-sezana.si\/index.php?rest_route=\/wp\/v2\/posts\/24908\/revisions"}],"predecessor-version":[{"id":24911,"href":"https:\/\/vrtec-sezana.si\/index.php?rest_route=\/wp\/v2\/posts\/24908\/revisions\/24911"}],"wp:featuredmedia":[{"embeddable":true,"href":"https:\/\/vrtec-sezana.si\/index.php?rest_route=\/wp\/v2\/media\/24909"}],"wp:attachment":[{"href":"https:\/\/vrtec-sezana.si\/index.php?rest_route=%2Fwp%2Fv2%2Fmedia&parent=24908"}],"wp:term":[{"taxonomy":"category","embeddable":true,"href":"https:\/\/vrtec-sezana.si\/index.php?rest_route=%2Fwp%2Fv2%2Fcategories&post=24908"},{"taxonomy":"post_tag","embeddable":true,"href":"https:\/\/vrtec-sezana.si\/index.php?rest_route=%2Fwp%2Fv2%2Ftags&post=24908"}],"curies":[{"name":"wp","href":"https:\/\/api.w.org\/{rel}","templated":true}]}}