{"id":24881,"date":"2025-05-05T18:12:25","date_gmt":"2025-05-05T17:12:25","guid":{"rendered":"https:\/\/vrtec-sezana.si\/?p=24881"},"modified":"2025-05-05T18:12:25","modified_gmt":"2025-05-05T17:12:25","slug":"tacke-pomagacke-pikica-in-andreja-na-obisku-2-del","status":"publish","type":"post","link":"https:\/\/vrtec-sezana.si\/?p=24881","title":{"rendered":"Ta\u010dke pomaga\u010dke \u2013 Pikica in Andreja na obisku &#8211; 2.del"},"content":{"rendered":"\n<p><\/p>\n\n\n\n<p>Otroke iz skupine Kameleon\u010dki je v vrtcu obiskala psi\u010dka Pikica, ki je z njeno vodnico Andrejo doma v Koprivi. Vsak dan se odpravita na dolg sprehod med polja in vinograde ali v gozd.<\/p>\n\n\n\n<p>Zakaj lahko hodi k otrokom v vrtec, ko drugi ku\u017eki ne smejo? Zato, ker je terapevtski pes in skupaj z Andrejo sta terapevtski par pri Ta\u010dkah Pomaga\u010dkah. Dolgo sta hodili v pasjo \u0161olo, da je Pikica lahko postala terapevtski pes, saj si je vedno \u017eelela med otroke.<\/p>\n\n\n\n<p>Povedala nam je, da ji ni v\u0161e\u010d, \u010de kdo kri\u010di ali mo\u010dno krili z rokami. V vrtcu pa nas je veliko in smo glasni. Zato smo se potrudili, da je Pikici bilo pri nas lepo. Pikica ima rada, \u010de jo pobo\u017eamo, a ne po glavi, v\u0161e\u010d ji je pod vratom in po hrbtu. Je zelo ubogljiva, rada poslu\u0161a pravljice in pesmice, najraje pa gre na sprehod, kjer veliko voha.<\/p>\n\n\n\n<p><\/p>\n\n\n\n<p>Besedilo: Sabina Vla\u0161i\u0107<\/p>\n\n\n\n<p>Fotografije: Sabina Vla\u0161i\u0107<\/p>\n\n\n\n<div class=\"wp-block-buttons is-layout-flex wp-block-buttons-is-layout-flex\">\n<div class=\"wp-block-button\"><a class=\"wp-block-button__link wp-element-button\" href=\"https:\/\/vrtec-sezana.si\/?page_id=24858\">GALERIJA<\/a><\/div>\n<\/div>\n","protected":false},"excerpt":{"rendered":"<p>Otroke iz skupine Kameleon\u010dki je v vrtcu obiskala psi\u010dka Pikica, ki je z njeno vodnico Andrejo doma v Koprivi. Vsak dan se odpravita na dolg sprehod med polja in vinograde ali v gozd. Zakaj lahko hodi k otrokom v vrtec, ko drugi&#8230;<\/p>\n","protected":false},"author":20,"featured_media":24856,"comment_status":"closed","ping_status":"closed","sticky":false,"template":"","format":"standard","meta":{"footnotes":""},"categories":[8],"tags":[],"jetpack_featured_media_url":"https:\/\/vrtec-sezana.si\/wp-content\/uploads\/2025\/05\/20250425_100011.jpg","_links":{"self":[{"href":"https:\/\/vrtec-sezana.si\/index.php?rest_route=\/wp\/v2\/posts\/24881"}],"collection":[{"href":"https:\/\/vrtec-sezana.si\/index.php?rest_route=\/wp\/v2\/posts"}],"about":[{"href":"https:\/\/vrtec-sezana.si\/index.php?rest_route=\/wp\/v2\/types\/post"}],"author":[{"embeddable":true,"href":"https:\/\/vrtec-sezana.si\/index.php?rest_route=\/wp\/v2\/users\/20"}],"replies":[{"embeddable":true,"href":"https:\/\/vrtec-sezana.si\/index.php?rest_route=%2Fwp%2Fv2%2Fcomments&post=24881"}],"version-history":[{"count":1,"href":"https:\/\/vrtec-sezana.si\/index.php?rest_route=\/wp\/v2\/posts\/24881\/revisions"}],"predecessor-version":[{"id":24882,"href":"https:\/\/vrtec-sezana.si\/index.php?rest_route=\/wp\/v2\/posts\/24881\/revisions\/24882"}],"wp:featuredmedia":[{"embeddable":true,"href":"https:\/\/vrtec-sezana.si\/index.php?rest_route=\/wp\/v2\/media\/24856"}],"wp:attachment":[{"href":"https:\/\/vrtec-sezana.si\/index.php?rest_route=%2Fwp%2Fv2%2Fmedia&parent=24881"}],"wp:term":[{"taxonomy":"category","embeddable":true,"href":"https:\/\/vrtec-sezana.si\/index.php?rest_route=%2Fwp%2Fv2%2Fcategories&post=24881"},{"taxonomy":"post_tag","embeddable":true,"href":"https:\/\/vrtec-sezana.si\/index.php?rest_route=%2Fwp%2Fv2%2Ftags&post=24881"}],"curies":[{"name":"wp","href":"https:\/\/api.w.org\/{rel}","templated":true}]}}