{"id":24830,"date":"2025-05-04T17:13:11","date_gmt":"2025-05-04T16:13:11","guid":{"rendered":"https:\/\/vrtec-sezana.si\/?p=24830"},"modified":"2025-05-04T17:13:11","modified_gmt":"2025-05-04T16:13:11","slug":"projekt-semena-in-vrtovi-v-skupni-muce","status":"publish","type":"post","link":"https:\/\/vrtec-sezana.si\/?p=24830","title":{"rendered":"Projekt Semena in vrtovi v skupni Muce"},"content":{"rendered":"\n<p>V skupini Muce smo v okviru projekta <em>Semena in vrtovi<\/em> v mesecu aprilu otrokom omogo\u010dili neposreden stik z naravo. Cilj projekta je bil razvijati spo\u0161tljiv, naklonjen in odgovoren odnos do \u017eive in ne\u017eive narave ter preko prakti\u010dnih izku\u0161enj spoznavati osnovne pogoje za rast rastlin.<\/p>\n\n\n\n<p>Vsak otrok je od doma prinesel prazno plastenko, ki smo jo skupaj predelali v lon\u010dek za rastline. Otroci so pri tem aktivno sodelovali \u2013 opazovali postopek, nato pa v svoje plastenke posejali semena vodne kre\u0161e, jih zalili in postavili na okensko polico. V naslednjih dneh so vsakodnevno spremljali kalitev in rast svoje rastline, jo zalivali in skrbeli zanjo. Ob tem so spontano izra\u017eali navdu\u0161enje, presene\u010denje in ponos.<\/p>\n\n\n\n<p>Projekt je bil tudi prilo\u017enost za sodelovanje s star\u0161i, ki so se v veliki ve\u010dini zelo pozitivno odzvali. Ob dnevu Zemlje, 22. aprila, so otroci svoje rastline odnesli domov in jih s ponosom pokazali dru\u017eini. Skupaj smo tako naredili korak k ve\u010djemu razumevanju narave in pomenu skrbi za okolje \u017ee v najzgodnej\u0161em obdobju otro\u0161tva.<\/p>\n\n\n\n<p><br>Slike in besedilo: Lela Smiljani\u0107<\/p>\n\n\n\n<div class=\"wp-block-buttons is-layout-flex wp-block-buttons-is-layout-flex\">\n<div class=\"wp-block-button\"><a class=\"wp-block-button__link wp-element-button\" href=\"https:\/\/vrtec-sezana.si\/?page_id=24806\">GALERIJA<\/a><\/div>\n\n\n\n\n<\/div>\n","protected":false},"excerpt":{"rendered":"<p>V skupini Muce smo v okviru projekta Semena in vrtovi v mesecu aprilu otrokom omogo\u010dili neposreden stik z naravo. Cilj projekta je bil razvijati spo\u0161tljiv, naklonjen in odgovoren odnos do \u017eive in ne\u017eive narave ter preko prakti\u010dnih izku\u0161enj spoznavati osnovne pogoje za&#8230;<\/p>\n","protected":false},"author":26,"featured_media":24807,"comment_status":"closed","ping_status":"closed","sticky":false,"template":"","format":"standard","meta":{"footnotes":""},"categories":[6],"tags":[],"jetpack_featured_media_url":"https:\/\/vrtec-sezana.si\/wp-content\/uploads\/2025\/05\/images.jpg","_links":{"self":[{"href":"https:\/\/vrtec-sezana.si\/index.php?rest_route=\/wp\/v2\/posts\/24830"}],"collection":[{"href":"https:\/\/vrtec-sezana.si\/index.php?rest_route=\/wp\/v2\/posts"}],"about":[{"href":"https:\/\/vrtec-sezana.si\/index.php?rest_route=\/wp\/v2\/types\/post"}],"author":[{"embeddable":true,"href":"https:\/\/vrtec-sezana.si\/index.php?rest_route=\/wp\/v2\/users\/26"}],"replies":[{"embeddable":true,"href":"https:\/\/vrtec-sezana.si\/index.php?rest_route=%2Fwp%2Fv2%2Fcomments&post=24830"}],"version-history":[{"count":1,"href":"https:\/\/vrtec-sezana.si\/index.php?rest_route=\/wp\/v2\/posts\/24830\/revisions"}],"predecessor-version":[{"id":24831,"href":"https:\/\/vrtec-sezana.si\/index.php?rest_route=\/wp\/v2\/posts\/24830\/revisions\/24831"}],"wp:featuredmedia":[{"embeddable":true,"href":"https:\/\/vrtec-sezana.si\/index.php?rest_route=\/wp\/v2\/media\/24807"}],"wp:attachment":[{"href":"https:\/\/vrtec-sezana.si\/index.php?rest_route=%2Fwp%2Fv2%2Fmedia&parent=24830"}],"wp:term":[{"taxonomy":"category","embeddable":true,"href":"https:\/\/vrtec-sezana.si\/index.php?rest_route=%2Fwp%2Fv2%2Fcategories&post=24830"},{"taxonomy":"post_tag","embeddable":true,"href":"https:\/\/vrtec-sezana.si\/index.php?rest_route=%2Fwp%2Fv2%2Ftags&post=24830"}],"curies":[{"name":"wp","href":"https:\/\/api.w.org\/{rel}","templated":true}]}}