{"id":24136,"date":"2024-12-02T12:24:55","date_gmt":"2024-12-02T11:24:55","guid":{"rendered":"https:\/\/vrtec-sezana.si\/?p=24136"},"modified":"2025-04-22T12:28:18","modified_gmt":"2025-04-22T11:28:18","slug":"dan-tradicionalnega-slovenskega-zajtrka-in-obisk-cebelarja","status":"publish","type":"post","link":"https:\/\/vrtec-sezana.si\/?p=24136","title":{"rendered":"Dan tradicionalnega slovenskega zajtrka in obisk \u010debelarja"},"content":{"rendered":"\n<p>V na\u0161em vrtcu smo obele\u017eili Dan tradicionalnega slovenskega zajtrka, ki nas je spomnil, kako pomembno je, da u\u017eivamo zdravo, lokalno pridelano hrano. Otroci so u\u017eivali v okusnem zajtrku, za katerega smo si privo\u0161\u010dili slasten med, doma\u010d kruh, maslo, mleko in jabolka \u2013 vse pridelano v Sloveniji.<\/p>\n\n\n\n<p>Posebno do\u017eivetje pa je bil obisk \u010debelarja, ki nam je na zanimiv in otrokom prijazen na\u010din predstavil svet \u010debel. Pokazal nam je za\u0161\u010ditno obleko, panj, satje in druge \u010debelarske pripomo\u010dke. Otroci so z velikim zanimanjem poslu\u0161ali, postavljali vpra\u0161anja in izvedeli, kako pomembne so \u010debele za na\u0161 planet.<\/p>\n\n\n\n<p>Dan smo zaklju\u010dili z veliko novega znanja, sladkimi nasmehi in \u0161e ve\u010djim spo\u0161tovanjem do narave in \u010debel.<\/p>\n\n\n\n<p>Besedilo: Lara Vrabec<\/p>\n\n\n\n<p>Fotografije: Lara Vrabec<\/p>\n\n\n\n<div class=\"wp-block-buttons is-layout-flex wp-block-buttons-is-layout-flex\">\n<div class=\"wp-block-button\"><a class=\"wp-block-button__link wp-element-button\" href=\"https:\/\/vrtec-sezana.si\/?page_id=24112\">GALERIJA<\/a><\/div>\n\n\n\n\n<\/div>\n","protected":false},"excerpt":{"rendered":"<p>V na\u0161em vrtcu smo obele\u017eili Dan tradicionalnega slovenskega zajtrka, ki nas je spomnil, kako pomembno je, da u\u017eivamo zdravo, lokalno pridelano hrano. Otroci so u\u017eivali v okusnem zajtrku, za katerega smo si privo\u0161\u010dili slasten med, doma\u010d kruh, maslo, mleko in jabolka \u2013&#8230;<\/p>\n","protected":false},"author":26,"featured_media":24134,"comment_status":"closed","ping_status":"closed","sticky":false,"template":"","format":"standard","meta":{"footnotes":""},"categories":[6],"tags":[],"jetpack_featured_media_url":"https:\/\/vrtec-sezana.si\/wp-content\/uploads\/2025\/04\/Tradicionalni-slovenski-zajtrk.png","_links":{"self":[{"href":"https:\/\/vrtec-sezana.si\/index.php?rest_route=\/wp\/v2\/posts\/24136"}],"collection":[{"href":"https:\/\/vrtec-sezana.si\/index.php?rest_route=\/wp\/v2\/posts"}],"about":[{"href":"https:\/\/vrtec-sezana.si\/index.php?rest_route=\/wp\/v2\/types\/post"}],"author":[{"embeddable":true,"href":"https:\/\/vrtec-sezana.si\/index.php?rest_route=\/wp\/v2\/users\/26"}],"replies":[{"embeddable":true,"href":"https:\/\/vrtec-sezana.si\/index.php?rest_route=%2Fwp%2Fv2%2Fcomments&post=24136"}],"version-history":[{"count":1,"href":"https:\/\/vrtec-sezana.si\/index.php?rest_route=\/wp\/v2\/posts\/24136\/revisions"}],"predecessor-version":[{"id":24137,"href":"https:\/\/vrtec-sezana.si\/index.php?rest_route=\/wp\/v2\/posts\/24136\/revisions\/24137"}],"wp:featuredmedia":[{"embeddable":true,"href":"https:\/\/vrtec-sezana.si\/index.php?rest_route=\/wp\/v2\/media\/24134"}],"wp:attachment":[{"href":"https:\/\/vrtec-sezana.si\/index.php?rest_route=%2Fwp%2Fv2%2Fmedia&parent=24136"}],"wp:term":[{"taxonomy":"category","embeddable":true,"href":"https:\/\/vrtec-sezana.si\/index.php?rest_route=%2Fwp%2Fv2%2Fcategories&post=24136"},{"taxonomy":"post_tag","embeddable":true,"href":"https:\/\/vrtec-sezana.si\/index.php?rest_route=%2Fwp%2Fv2%2Ftags&post=24136"}],"curies":[{"name":"wp","href":"https:\/\/api.w.org\/{rel}","templated":true}]}}