{"id":23613,"date":"2025-04-10T21:10:31","date_gmt":"2025-04-10T20:10:31","guid":{"rendered":"https:\/\/vrtec-sezana.si\/?p=23613"},"modified":"2025-04-10T21:10:32","modified_gmt":"2025-04-10T20:10:32","slug":"svetovni-dan-zdravja-v-enoti-lehte","status":"publish","type":"post","link":"https:\/\/vrtec-sezana.si\/?p=23613","title":{"rendered":"Svetovni dan zdravja v enoti Lehte"},"content":{"rendered":"\n<p>V ponedeljek, 7. aprila 2025, smo v vrtcu Lehte obele\u017eili Svetovni dan zdravja, ki je namenjen ozave\u0161\u010danju o pomenu zdravega na\u010dina \u017eivljenja. Dan smo v vseh skupinah posvetili dejavnostim, s katerimi smo spodbujali gibanje, stik z naravo, zdravo prehrano in splo\u0161no dobro po\u010dutje otrok.<\/p>\n\n\n\n<p>Skupina Je\u017eki se je odpravila na pohod v gozd pod Planino. Otroci so opazovali pomladne cvetlice, poslu\u0161ali zvoke narave in iz naravnega materiala ustvarili sonce ter je\u017ea. V gozdu so se sre\u010dali z vrstniki, skupaj pojedli malico in se zadovoljni vrnili v vrtec.<\/p>\n\n\n\n<p>Skupina Lisi\u010dke je dan pre\u017eivela na pohodu po \u017divem muzeju Krasa, kjer so otroci u\u017eivali v gozdu, opazovali cvetlice in poslu\u0161ali petje ptic.<\/p>\n\n\n\n<p>Skupina Muce je obiskala skriti koti\u010dek v gozdu, prisluhnila dramatizaciji pravljice <em>Pod medvedovim de\u017enikom<\/em>, nato pa so otroci z gibanjem upodabljali \u017eivali iz zgodbe. Sledilo je raziskovanje narave, oblikovanje gibalnega poligona in nabiranje materialov za ustvarjanje.<\/p>\n\n\n\n<p>Skupina Medvedki je dan za\u010dela s pogovorom o zdravju, sledilo je razgibavanje z barvnimi obro\u010di in priprava smutija. Otroci so z zanimanjem sodelovali pri vseh dejavnostih.<\/p>\n\n\n\n<p>Otroci iz skupine Pikapolonice so se odpravili na Fit pohod po bli\u017enji okolici, ob tem opazovale okolje in vadile hojo ob vrvici. Po povratku so se osve\u017eili z vodo.<\/p>\n\n\n\n<p>V skupini \u010cebelice so igralnico preoblikovali v plezalnico, dan pa zaklju\u010dili s sadnim smutijem.<\/p>\n\n\n\n<p>Skupina Krtki so izvedli dalj\u0161i sprehod, v igralnici pa so se igrali z baloni, ki so jih poimenovali Pikiji, in tako povezali gibanje z zgodbo Pikijev prvi sprehod.<\/p>\n\n\n\n<p>Najmlaj\u0161i otroci iz skupine Sovice so se gibali ob pajkovi mre\u017ei in pisanih balonih, ob tem pa razvijali svoje gibalne spretnosti in se zabavali.<\/p>\n\n\n\n<p>Ob tem dnevu smo otrokom ponudili bogato izku\u0161njo, ki je povezovala gibanje, naravo, ustvarjalnost in zdrav \u017eivljenjski slog. Veseli smo, da so dejavnosti potekale v prijetnem vzdu\u0161ju ter ob sodelovanju otrok in star\u0161ev.<\/p>\n\n\n\n<p>Besedilo: Lela Smiljani\u0107<\/p>\n\n\n\n<p>Fotografije: arhiv enote Lehte<\/p>\n\n\n\n<p><\/p>\n\n\n\n<div class=\"wp-block-buttons is-layout-flex wp-block-buttons-is-layout-flex\">\n<div class=\"wp-block-button\"><a class=\"wp-block-button__link wp-element-button\" href=\"https:\/\/vrtec-sezana.si\/?page_id=23595\">GALERIJA<\/a><\/div>\n\n\n\n\n<\/div>\n","protected":false},"excerpt":{"rendered":"<p>V ponedeljek, 7. aprila 2025, smo v vrtcu Lehte obele\u017eili Svetovni dan zdravja, ki je namenjen ozave\u0161\u010danju o pomenu zdravega na\u010dina \u017eivljenja. Dan smo v vseh skupinah posvetili dejavnostim, s katerimi smo spodbujali gibanje, stik z naravo, zdravo prehrano in splo\u0161no dobro&#8230;<\/p>\n","protected":false},"author":26,"featured_media":23611,"comment_status":"closed","ping_status":"closed","sticky":false,"template":"","format":"standard","meta":{"footnotes":""},"categories":[6],"tags":[],"jetpack_featured_media_url":"https:\/\/vrtec-sezana.si\/wp-content\/uploads\/2025\/04\/svetovni-dan-zdravja.png","_links":{"self":[{"href":"https:\/\/vrtec-sezana.si\/index.php?rest_route=\/wp\/v2\/posts\/23613"}],"collection":[{"href":"https:\/\/vrtec-sezana.si\/index.php?rest_route=\/wp\/v2\/posts"}],"about":[{"href":"https:\/\/vrtec-sezana.si\/index.php?rest_route=\/wp\/v2\/types\/post"}],"author":[{"embeddable":true,"href":"https:\/\/vrtec-sezana.si\/index.php?rest_route=\/wp\/v2\/users\/26"}],"replies":[{"embeddable":true,"href":"https:\/\/vrtec-sezana.si\/index.php?rest_route=%2Fwp%2Fv2%2Fcomments&post=23613"}],"version-history":[{"count":1,"href":"https:\/\/vrtec-sezana.si\/index.php?rest_route=\/wp\/v2\/posts\/23613\/revisions"}],"predecessor-version":[{"id":23614,"href":"https:\/\/vrtec-sezana.si\/index.php?rest_route=\/wp\/v2\/posts\/23613\/revisions\/23614"}],"wp:featuredmedia":[{"embeddable":true,"href":"https:\/\/vrtec-sezana.si\/index.php?rest_route=\/wp\/v2\/media\/23611"}],"wp:attachment":[{"href":"https:\/\/vrtec-sezana.si\/index.php?rest_route=%2Fwp%2Fv2%2Fmedia&parent=23613"}],"wp:term":[{"taxonomy":"category","embeddable":true,"href":"https:\/\/vrtec-sezana.si\/index.php?rest_route=%2Fwp%2Fv2%2Fcategories&post=23613"},{"taxonomy":"post_tag","embeddable":true,"href":"https:\/\/vrtec-sezana.si\/index.php?rest_route=%2Fwp%2Fv2%2Ftags&post=23613"}],"curies":[{"name":"wp","href":"https:\/\/api.w.org\/{rel}","templated":true}]}}