{"id":22840,"date":"2025-04-01T12:37:13","date_gmt":"2025-04-01T11:37:13","guid":{"rendered":"https:\/\/vrtec-sezana.si\/?p=22840"},"modified":"2025-04-01T12:50:25","modified_gmt":"2025-04-01T11:50:25","slug":"22-marec-svetovni-dan-voda","status":"publish","type":"post","link":"https:\/\/vrtec-sezana.si\/?p=22840","title":{"rendered":"22. marec \u2013 svetovni dan voda"},"content":{"rendered":"\n<p>22. marca praznujemo Svetovni dan voda in letos smo ga obele\u017eili tudi v dveh oddelkih vrtca Komen \u2013 pri Lev\u010dkih in Krokodil\u010dkih. Skozi pogovor smo spoznavali zakaj je voda tako pomembna, od kje dobimo vodo ter kje vse jo sre\u010damo. Znanje otrok je bilo tu zelo bogato \u2013 informacije so kar letele iz njih. Vse smo \u0161e podprli ob skupni projekciji fotografij, kjer smo na ra\u010dunalniku poiskali slapove, jezera, de\u017eevje, mlake, kali, lokve, vodnjake, \u017elebove, morje \u2026 Nato pa smo se podali na skupno raziskovanje, kje vse lahko vodo sre\u010damo v na\u0161i bli\u017eini. Pot nas je najprej vodila preko zapu\u0161\u010denega, neurejenega in zara\u0161\u010denega kala, v katerem pa je po obilnem de\u017eevju le bilo nekaj vode. Nato smo si ogledali res lepo obnovljen kal v Div\u010dah in tam naleteli \u0161e na vodnjak sredi vasi. Otroci so kar sami ugotavljali, od kje vse prite\u010de voda vanj \u2013 opazili so namre\u010d \u017elebove na sosednji hi\u0161i ter cevi, ki so vodile vanj. Na poti mimo vinogradov in njiv smo naleteli na zajetje vode imenovano va\u0161ko, ki je tudi bila polna vode in prispeli do lepo vzdr\u017eevanega kala na Lu\u017eah (spodnji del Komna), kjer smo opazovali tudi ra\u010dke. Otroke pa je najbolj fasciniral bazen, ki smo si ga lahko ogledali na dvori\u0161\u010du ene od hi\u0161, saj na veliko \u017ealost otrok, pa tudi nas odraslih, v Komnu nimamo morja.<\/p>\n\n\n\n<p>Besedilo: Agata Masten<\/p>\n\n\n\n<p>Fotografije: Agata Masten<\/p>\n\n\n\n<div class=\"wp-block-buttons is-layout-flex wp-block-buttons-is-layout-flex\">\n<div class=\"wp-block-button\"><a class=\"wp-block-button__link wp-element-button\" href=\"https:\/\/vrtec-sezana.si\/?page_id=22844\">GALERIJA<\/a><\/div>\n<\/div>\n","protected":false},"excerpt":{"rendered":"<p>22. marca praznujemo Svetovni dan voda in letos smo ga obele\u017eili tudi v dveh oddelkih vrtca Komen \u2013 pri Lev\u010dkih in Krokodil\u010dkih. Skozi pogovor smo spoznavali zakaj je voda tako pomembna, od kje dobimo vodo ter kje vse jo sre\u010damo. Znanje otrok&#8230;<\/p>\n","protected":false},"author":40,"featured_media":22841,"comment_status":"closed","ping_status":"closed","sticky":false,"template":"","format":"standard","meta":{"footnotes":""},"categories":[12],"tags":[],"jetpack_featured_media_url":"https:\/\/vrtec-sezana.si\/wp-content\/uploads\/2025\/04\/l_74996_1.jpg","_links":{"self":[{"href":"https:\/\/vrtec-sezana.si\/index.php?rest_route=\/wp\/v2\/posts\/22840"}],"collection":[{"href":"https:\/\/vrtec-sezana.si\/index.php?rest_route=\/wp\/v2\/posts"}],"about":[{"href":"https:\/\/vrtec-sezana.si\/index.php?rest_route=\/wp\/v2\/types\/post"}],"author":[{"embeddable":true,"href":"https:\/\/vrtec-sezana.si\/index.php?rest_route=\/wp\/v2\/users\/40"}],"replies":[{"embeddable":true,"href":"https:\/\/vrtec-sezana.si\/index.php?rest_route=%2Fwp%2Fv2%2Fcomments&post=22840"}],"version-history":[{"count":3,"href":"https:\/\/vrtec-sezana.si\/index.php?rest_route=\/wp\/v2\/posts\/22840\/revisions"}],"predecessor-version":[{"id":22854,"href":"https:\/\/vrtec-sezana.si\/index.php?rest_route=\/wp\/v2\/posts\/22840\/revisions\/22854"}],"wp:featuredmedia":[{"embeddable":true,"href":"https:\/\/vrtec-sezana.si\/index.php?rest_route=\/wp\/v2\/media\/22841"}],"wp:attachment":[{"href":"https:\/\/vrtec-sezana.si\/index.php?rest_route=%2Fwp%2Fv2%2Fmedia&parent=22840"}],"wp:term":[{"taxonomy":"category","embeddable":true,"href":"https:\/\/vrtec-sezana.si\/index.php?rest_route=%2Fwp%2Fv2%2Fcategories&post=22840"},{"taxonomy":"post_tag","embeddable":true,"href":"https:\/\/vrtec-sezana.si\/index.php?rest_route=%2Fwp%2Fv2%2Ftags&post=22840"}],"curies":[{"name":"wp","href":"https:\/\/api.w.org\/{rel}","templated":true}]}}