{"id":22823,"date":"2025-03-31T21:27:16","date_gmt":"2025-03-31T20:27:16","guid":{"rendered":"https:\/\/vrtec-sezana.si\/?p=22823"},"modified":"2025-04-01T14:14:06","modified_gmt":"2025-04-01T13:14:06","slug":"zdravje-in-mi","status":"publish","type":"post","link":"https:\/\/vrtec-sezana.si\/?p=22823","title":{"rendered":"ZDRAVJE IN MI"},"content":{"rendered":"\n<p>V skupini Ribice smo letos vklju\u010deni v projekt Zdravje v vrtcu. Tako da celo leto stremimo k temu, da otroke opolnomo\u010dimo z zdravim na\u010dinom \u017eivljenja, z zdravo hrano in pomenom gibanja.<\/p>\n\n\n\n<p>Zadnje dni smo raziskovali, kaj vse lahko naredimo, da ostanemo zdravi. Ugotovili smo, da je za zdravje pomembno jesti raznovrstno hrano, se veliko gibati in igrati ter skrbeti za osebno higieno.<\/p>\n\n\n\n<p>Najprej smo izdelali plakate, na katere smo lepili sli\u010dice hrane in ugotavljali, katera \u017eivila so najbolj\u0161a za na\u0161e telo. Razvr\u0161\u010dali smo sadje in zelenjavo ter risali svojo najljub\u0161o jed. Veliko \u010dasa smo pre\u017eiveli zunaj \u2013 igrali smo se na igri\u0161\u010du in raziskovali naravo v gozdu.<\/p>\n\n\n\n<p>Obiskali sta nas medicinski sestri, ki sta nam pokazali, kako si pravilno umivamo roke, bri\u0161emo noske in \u0161\u010detkamo zobe. Posebno do\u017eivetje pa je bil obisk Uline mame, s katero smo skupaj pripravili slastno doma\u010do \u010de\u017eano. Katera hrana je dobra za na\u0161e zobke in telo in katera ne nam je povedala na\u0161a organizatorka prehrana Teja Vovk Dodi\u010d.<\/p>\n\n\n\n<p>Spoznali smo tudi novo gibalno igro \u00bbsadna solata\u00ab. Otroci so nato predlagali, da bi v vrtcu pripravili pravo sadno solato. Vsak je prinesel svoje najljub\u0161e sadje, skupaj smo vso sadje olupili, narezali in skupaj smo ustvarili okusno in zdravo sadno solato.<\/p>\n\n\n\n<p>Posebno do\u017eivetje je tudi na\u0161a knjiga receptov, ki kro\u017ei med otroki. Vsak konec tedna jo otrok odnese domov in skupaj s star\u0161i pripravi zdrav obrok, recept pa zapi\u0161ejo v knjigo. Tako nastaja prava zbirka okusnih in zdravih jedi!<\/p>\n\n\n\n<p>Besedilo: Tina Tav\u010dar<\/p>\n\n\n\n<p>Fotografije: arhiv oddelka<\/p>\n\n\n\n<div class=\"wp-block-buttons is-layout-flex wp-block-buttons-is-layout-flex\">\n<div class=\"wp-block-button\"><a class=\"wp-block-button__link wp-element-button\" href=\"https:\/\/vrtec-sezana.si\/?page_id=22800\">GALERIJA<\/a><\/div>\n<\/div>\n","protected":false},"excerpt":{"rendered":"<p>V skupini Ribice smo letos vklju\u010deni v projekt Zdravje v vrtcu. Tako da celo leto stremimo k temu, da otroke opolnomo\u010dimo z zdravim na\u010dinom \u017eivljenja, z zdravo hrano in pomenom gibanja. Zadnje dni smo raziskovali, kaj vse lahko naredimo, da ostanemo zdravi&#8230;.<\/p>\n","protected":false},"author":23,"featured_media":22821,"comment_status":"closed","ping_status":"closed","sticky":false,"template":"","format":"standard","meta":{"footnotes":""},"categories":[10],"tags":[],"jetpack_featured_media_url":"https:\/\/vrtec-sezana.si\/wp-content\/uploads\/2025\/03\/naslovnica.jpg","_links":{"self":[{"href":"https:\/\/vrtec-sezana.si\/index.php?rest_route=\/wp\/v2\/posts\/22823"}],"collection":[{"href":"https:\/\/vrtec-sezana.si\/index.php?rest_route=\/wp\/v2\/posts"}],"about":[{"href":"https:\/\/vrtec-sezana.si\/index.php?rest_route=\/wp\/v2\/types\/post"}],"author":[{"embeddable":true,"href":"https:\/\/vrtec-sezana.si\/index.php?rest_route=\/wp\/v2\/users\/23"}],"replies":[{"embeddable":true,"href":"https:\/\/vrtec-sezana.si\/index.php?rest_route=%2Fwp%2Fv2%2Fcomments&post=22823"}],"version-history":[{"count":3,"href":"https:\/\/vrtec-sezana.si\/index.php?rest_route=\/wp\/v2\/posts\/22823\/revisions"}],"predecessor-version":[{"id":22865,"href":"https:\/\/vrtec-sezana.si\/index.php?rest_route=\/wp\/v2\/posts\/22823\/revisions\/22865"}],"wp:featuredmedia":[{"embeddable":true,"href":"https:\/\/vrtec-sezana.si\/index.php?rest_route=\/wp\/v2\/media\/22821"}],"wp:attachment":[{"href":"https:\/\/vrtec-sezana.si\/index.php?rest_route=%2Fwp%2Fv2%2Fmedia&parent=22823"}],"wp:term":[{"taxonomy":"category","embeddable":true,"href":"https:\/\/vrtec-sezana.si\/index.php?rest_route=%2Fwp%2Fv2%2Fcategories&post=22823"},{"taxonomy":"post_tag","embeddable":true,"href":"https:\/\/vrtec-sezana.si\/index.php?rest_route=%2Fwp%2Fv2%2Ftags&post=22823"}],"curies":[{"name":"wp","href":"https:\/\/api.w.org\/{rel}","templated":true}]}}