{"id":22796,"date":"2025-03-31T21:20:10","date_gmt":"2025-03-31T20:20:10","guid":{"rendered":"https:\/\/vrtec-sezana.si\/?p=22796"},"modified":"2025-03-31T21:20:11","modified_gmt":"2025-03-31T20:20:11","slug":"svetovni-dan-voda-in-zaobljuba-reki","status":"publish","type":"post","link":"https:\/\/vrtec-sezana.si\/?p=22796","title":{"rendered":"SVETOVNI DAN VODA IN ZAOBLJUBA REKI"},"content":{"rendered":"\n<p><em>Pitna voda je zaklad,<\/em><\/p>\n\n\n\n<p><em>\u010disto reko ima rad vsak,<\/em><\/p>\n\n\n\n<p><em>zato reke \u010duvamo mi,<\/em><\/p>\n\n\n\n<p><em>in vse kar v njej \u017eivi: ribe, bober, poto\u010dni rak,<\/em><\/p>\n\n\n\n<p><em>NARAVO NAJ \u010cUVA \u010cISTO VSAK!<\/em><\/p>\n\n\n\n<p>Tako smo v na\u0161em vrtcu dali zaobljubo reki in obele\u017eili <em>Svetovni dan voda<\/em>, ki ga po svetu obele\u017eujemo 22. marca. Njegov namen je predvsem ozave\u0161\u010danje o pomenu pitne vode in trajnostni rabi vodonosnikov. Nujno je, da si prizadevamo za\u0161\u010dititi in ohraniti na\u0161 NAJDRAGOCENEJ\u0160I VIR \u2013 VODO!<\/p>\n\n\n\n<p>Podnebne spremembe \u010dedalje bolj vplivajo na naravo in \u017eivljenje. Vrednotenje vode nam narekuje, kako jo uporabljati in predvsem, kako sta pomembni skrb ter var\u010devanje z vodo. V sodelovanju s Parkom \u0160kocjanske jame, ki so nam podarili kakovostno, pou\u010dno predstavo <em>ZAOBLJUBA REKI<\/em>, nam je gospa Alja Buli\u010d predstavila naravovarstveno glasbeno pripoved o reki, ki je za\u010dela izginjati.<\/p>\n\n\n\n<p><em>Vila Virka trdi, da reka izginja, ker so ljudje pozabili nanjo. Vrnila se bo, \u010de obljubimo, da jo bomo varovali. Vsi skupaj smo ve\u010dkrat ponovili zaobljubo reki.<\/em><\/p>\n\n\n\n<p>Pripovedovalka je vrt\u010devske otroke prek metod interaktivnega gledali\u0161\u010da popeljala na pot, ki je bila polna nalog; ugotoviti so morali, katera bitja \u017eivijo v reki, pomagali so jo o\u010distiti, gibali so se kot vodni krog, odkrili so skriti zaklad \u2026 Otroci so ob koncu predstave izrekli zaobljubo reki ter postali njeni varuhi in varuhinje.<\/p>\n\n\n\n<p>S poslikavo na obrazu so otroci potrdili svojo zaobljubo. Verjamemo, da bomo s skupnimi mo\u010dmi, mi vsi poskrbeli za na\u0161 NAJDRAGOCENEJ\u0160I VIR \u2013 ZA NA\u0160O VODO!<\/p>\n\n\n\n<p>Zahvaljujemo se Parku \u0160kocjanske jame.<\/p>\n\n\n\n<p>Besedilo: Erna Fabjan\u010di\u010d<\/p>\n\n\n\n<p>Fotografije: Arhiv enote<\/p>\n\n\n\n<div class=\"wp-block-buttons is-layout-flex wp-block-buttons-is-layout-flex\">\n<div class=\"wp-block-button\"><a class=\"wp-block-button__link wp-element-button\" href=\"https:\/\/vrtec-sezana.si\/?page_id=22777\">GALERIJA<\/a><\/div>\n<\/div>\n","protected":false},"excerpt":{"rendered":"<p>Pitna voda je zaklad, \u010disto reko ima rad vsak, zato reke \u010duvamo mi, in vse kar v njej \u017eivi: ribe, bober, poto\u010dni rak, NARAVO NAJ \u010cUVA \u010cISTO VSAK! Tako smo v na\u0161em vrtcu dali zaobljubo reki in obele\u017eili Svetovni dan voda, ki&#8230;<\/p>\n","protected":false},"author":23,"featured_media":22794,"comment_status":"closed","ping_status":"closed","sticky":false,"template":"","format":"standard","meta":{"footnotes":""},"categories":[10],"tags":[],"jetpack_featured_media_url":"https:\/\/vrtec-sezana.si\/wp-content\/uploads\/2025\/03\/20250321_095828-scaled.jpg","_links":{"self":[{"href":"https:\/\/vrtec-sezana.si\/index.php?rest_route=\/wp\/v2\/posts\/22796"}],"collection":[{"href":"https:\/\/vrtec-sezana.si\/index.php?rest_route=\/wp\/v2\/posts"}],"about":[{"href":"https:\/\/vrtec-sezana.si\/index.php?rest_route=\/wp\/v2\/types\/post"}],"author":[{"embeddable":true,"href":"https:\/\/vrtec-sezana.si\/index.php?rest_route=\/wp\/v2\/users\/23"}],"replies":[{"embeddable":true,"href":"https:\/\/vrtec-sezana.si\/index.php?rest_route=%2Fwp%2Fv2%2Fcomments&post=22796"}],"version-history":[{"count":1,"href":"https:\/\/vrtec-sezana.si\/index.php?rest_route=\/wp\/v2\/posts\/22796\/revisions"}],"predecessor-version":[{"id":22797,"href":"https:\/\/vrtec-sezana.si\/index.php?rest_route=\/wp\/v2\/posts\/22796\/revisions\/22797"}],"wp:featuredmedia":[{"embeddable":true,"href":"https:\/\/vrtec-sezana.si\/index.php?rest_route=\/wp\/v2\/media\/22794"}],"wp:attachment":[{"href":"https:\/\/vrtec-sezana.si\/index.php?rest_route=%2Fwp%2Fv2%2Fmedia&parent=22796"}],"wp:term":[{"taxonomy":"category","embeddable":true,"href":"https:\/\/vrtec-sezana.si\/index.php?rest_route=%2Fwp%2Fv2%2Fcategories&post=22796"},{"taxonomy":"post_tag","embeddable":true,"href":"https:\/\/vrtec-sezana.si\/index.php?rest_route=%2Fwp%2Fv2%2Ftags&post=22796"}],"curies":[{"name":"wp","href":"https:\/\/api.w.org\/{rel}","templated":true}]}}