{"id":22603,"date":"2025-03-27T13:37:50","date_gmt":"2025-03-27T12:37:50","guid":{"rendered":"https:\/\/vrtec-sezana.si\/?p=22603"},"modified":"2025-03-27T13:37:50","modified_gmt":"2025-03-27T12:37:50","slug":"praznovanje-1-pomladnega-dne-v-nasem-vrtcu","status":"publish","type":"post","link":"https:\/\/vrtec-sezana.si\/?p=22603","title":{"rendered":"Praznovanje 1. pomladnega dne v na\u0161em vrtcu"},"content":{"rendered":"\n<p>V na\u0161em vrtcu smo 1. pomladni dan obele\u017eili z veselim dogodkom. Vsi skupaj smo se zbrali v osrednjem prostoru, da bi skupaj proslavili prihod pomladi, obdobja cvetenja in novih za\u010detkov. Ob tej prilo\u017enosti so nam na\u0161e punce Alenka, Karmen, Ur\u0161a in Tina zaigrale predstavo Trije metulji. Bila je polna veselja, barvitih kostumov in \u010dudovitih trenutkov. Trije metulj\u010dki\u00a0so peljali otroke v svet pomladnih cvetlic\u00a0in son\u010dnih \u017earkov. Otroci so navdu\u0161eno spremljali predstavo in skupaj z metulj\u010dki\u00a0odkrivali lepote pomladi. Po predstavi smo se vsi skupaj zabavali, peli pomladne pesmi\u00a0 in plesali. Pomlad je \u010das, ko vse o\u017eivi in se prebuja, tako kot so se prebudili tudi na\u0161i otroci, polni novih idej in energije.<\/p>\n\n\n\n<p>Z veseljem pri\u010dakujemo \u0161e mnoge podobne trenutke, ki nam jih prina\u0161a pomlad.<\/p>\n\n\n\n<p>Besedilo in fotografije: Denis Lemut<\/p>\n\n\n\n<div class=\"wp-block-buttons is-layout-flex wp-block-buttons-is-layout-flex\">\n<div class=\"wp-block-button\"><a class=\"wp-block-button__link wp-element-button\" href=\"https:\/\/vrtec-sezana.si\/?page_id=22594\">GALERIJA<\/a><\/div>\n<\/div>\n","protected":false},"excerpt":{"rendered":"<p>V na\u0161em vrtcu smo 1. pomladni dan obele\u017eili z veselim dogodkom. Vsi skupaj smo se zbrali v osrednjem prostoru, da bi skupaj proslavili prihod pomladi, obdobja cvetenja in novih za\u010detkov. Ob tej prilo\u017enosti so nam na\u0161e punce Alenka, Karmen, Ur\u0161a in Tina&#8230;<\/p>\n","protected":false},"author":16,"featured_media":22604,"comment_status":"closed","ping_status":"closed","sticky":false,"template":"","format":"standard","meta":{"footnotes":""},"categories":[15],"tags":[],"jetpack_featured_media_url":"https:\/\/vrtec-sezana.si\/wp-content\/uploads\/2025\/03\/maxresdefault.jpg","_links":{"self":[{"href":"https:\/\/vrtec-sezana.si\/index.php?rest_route=\/wp\/v2\/posts\/22603"}],"collection":[{"href":"https:\/\/vrtec-sezana.si\/index.php?rest_route=\/wp\/v2\/posts"}],"about":[{"href":"https:\/\/vrtec-sezana.si\/index.php?rest_route=\/wp\/v2\/types\/post"}],"author":[{"embeddable":true,"href":"https:\/\/vrtec-sezana.si\/index.php?rest_route=\/wp\/v2\/users\/16"}],"replies":[{"embeddable":true,"href":"https:\/\/vrtec-sezana.si\/index.php?rest_route=%2Fwp%2Fv2%2Fcomments&post=22603"}],"version-history":[{"count":1,"href":"https:\/\/vrtec-sezana.si\/index.php?rest_route=\/wp\/v2\/posts\/22603\/revisions"}],"predecessor-version":[{"id":22605,"href":"https:\/\/vrtec-sezana.si\/index.php?rest_route=\/wp\/v2\/posts\/22603\/revisions\/22605"}],"wp:featuredmedia":[{"embeddable":true,"href":"https:\/\/vrtec-sezana.si\/index.php?rest_route=\/wp\/v2\/media\/22604"}],"wp:attachment":[{"href":"https:\/\/vrtec-sezana.si\/index.php?rest_route=%2Fwp%2Fv2%2Fmedia&parent=22603"}],"wp:term":[{"taxonomy":"category","embeddable":true,"href":"https:\/\/vrtec-sezana.si\/index.php?rest_route=%2Fwp%2Fv2%2Fcategories&post=22603"},{"taxonomy":"post_tag","embeddable":true,"href":"https:\/\/vrtec-sezana.si\/index.php?rest_route=%2Fwp%2Fv2%2Ftags&post=22603"}],"curies":[{"name":"wp","href":"https:\/\/api.w.org\/{rel}","templated":true}]}}