{"id":22589,"date":"2025-03-27T12:49:58","date_gmt":"2025-03-27T11:49:58","guid":{"rendered":"https:\/\/vrtec-sezana.si\/?p=22589"},"modified":"2025-03-27T12:52:31","modified_gmt":"2025-03-27T11:52:31","slug":"obelezitev-prvega-pomladnega-dne-v-gozdu","status":"publish","type":"post","link":"https:\/\/vrtec-sezana.si\/?p=22589","title":{"rendered":"Obele\u017eitev prvega pomladnega dne v gozdu"},"content":{"rendered":"\n<p>Prvi dan pomladi je poseben dogodek, ki simbolizira prehod v toplej\u0161i del leta, poln rasti in prebujanja narave. Za pred\u0161olske otroke je pomembno, da obele\u017eimo spremembe letnih \u010dasov, saj jim tako pomagamo razvijati zavedanje o naravnih ciklih, spodbudimo radovednost in povezanost z okoljem. Leto\u0161nje praznovanje smo obogatili s fit dopoldnevom v gozdu, kjer so se otroci v treh skupinah preizkusili na poligonu ter pri dejavnostih z FAM Obli\u017e in igro kamen\u010dki. Otroci so z velikim navdu\u0161enjem sodelovali ter u\u017eivali v gibanju na sve\u017eem zraku. Za konec smo jim omogo\u010dile \u0161e prosto igro v gozdu, kjer so se lahko svobodno izrazili skozi raziskovanje in domi\u0161ljijsko igro.<\/p>\n\n\n\n<p>Gibanje je seveda klju\u010dno za zdrav razvoj pred\u0161olskih otrok, saj krepi motori\u010dne sposobnosti, spodbuja koordinacijo in uravnava telesno dr\u017eo. Poleg tega pozitivno vpliva na razvoj kognitivnih sposobnosti, saj gibanje aktivira \u017eiv\u010dne povezave v mo\u017eganih, kar izbolj\u0161uje u\u010denje, koncentracijo in pomnjenje. Naravno okolje, kot je gozd, ponuja otrokom \u0161tevilne prilo\u017enosti za spontano gibanje, plezanje, skakanje in tek, kar prispeva k njihovi celostni telesni aktivnosti.<\/p>\n\n\n\n<p>Obele\u017eitev prvega dne pomladi je sovpadala tudi z ureditvijo visokih gred na na\u0161em igri\u0161\u010du. Z donacijo Marjetice Koper smo prejeli novo zemljo ter sadike zeli\u0161\u010d in jagod, ki bodo otrokom omogo\u010dile nadaljnje raziskovanje rastnega cikla rastlin. Vrtnarjenje spodbuja odgovornost, potrpe\u017eljivost in skrb za \u017eiva bitja. Otroci skozi prakti\u010dno delo pridobivajo pomembne izku\u0161nje o rastlinah, njihovi rasti in pomenu skrbi za okolje.<\/p>\n\n\n\n<p>S tak\u0161nimi dejavnostmi otrokom pribli\u017eujemo naravo na interaktiven in do\u017eivet na\u010din, kar pripomore k njihovemu celostnemu razvoju in oblikovanju zdravih \u017eivljenjskih navad.<\/p>\n\n\n\n<p>Besedilo: Marjeta Prunk Sluga<\/p>\n\n\n\n<p>Fotografije: arhiv enote Materija<\/p>\n\n\n\n<div class=\"wp-block-buttons is-layout-flex wp-block-buttons-is-layout-flex\">\n<div class=\"wp-block-button\"><a class=\"wp-block-button__link wp-element-button\" href=\"https:\/\/vrtec-sezana.si\/?page_id=22567\">GALERIJA<\/a><\/div>\n<\/div>\n","protected":false},"excerpt":{"rendered":"<p>Prvi dan pomladi je poseben dogodek, ki simbolizira prehod v toplej\u0161i del leta, poln rasti in prebujanja narave. Za pred\u0161olske otroke je pomembno, da obele\u017eimo spremembe letnih \u010dasov, saj jim tako pomagamo razvijati zavedanje o naravnih ciklih, spodbudimo radovednost in povezanost z&#8230;<\/p>\n","protected":false},"author":11,"featured_media":22591,"comment_status":"closed","ping_status":"closed","sticky":false,"template":"","format":"standard","meta":{"footnotes":""},"categories":[16],"tags":[],"jetpack_featured_media_url":"https:\/\/vrtec-sezana.si\/wp-content\/uploads\/2025\/03\/20250130_102257-scaled.jpg","_links":{"self":[{"href":"https:\/\/vrtec-sezana.si\/index.php?rest_route=\/wp\/v2\/posts\/22589"}],"collection":[{"href":"https:\/\/vrtec-sezana.si\/index.php?rest_route=\/wp\/v2\/posts"}],"about":[{"href":"https:\/\/vrtec-sezana.si\/index.php?rest_route=\/wp\/v2\/types\/post"}],"author":[{"embeddable":true,"href":"https:\/\/vrtec-sezana.si\/index.php?rest_route=\/wp\/v2\/users\/11"}],"replies":[{"embeddable":true,"href":"https:\/\/vrtec-sezana.si\/index.php?rest_route=%2Fwp%2Fv2%2Fcomments&post=22589"}],"version-history":[{"count":1,"href":"https:\/\/vrtec-sezana.si\/index.php?rest_route=\/wp\/v2\/posts\/22589\/revisions"}],"predecessor-version":[{"id":22590,"href":"https:\/\/vrtec-sezana.si\/index.php?rest_route=\/wp\/v2\/posts\/22589\/revisions\/22590"}],"wp:featuredmedia":[{"embeddable":true,"href":"https:\/\/vrtec-sezana.si\/index.php?rest_route=\/wp\/v2\/media\/22591"}],"wp:attachment":[{"href":"https:\/\/vrtec-sezana.si\/index.php?rest_route=%2Fwp%2Fv2%2Fmedia&parent=22589"}],"wp:term":[{"taxonomy":"category","embeddable":true,"href":"https:\/\/vrtec-sezana.si\/index.php?rest_route=%2Fwp%2Fv2%2Fcategories&post=22589"},{"taxonomy":"post_tag","embeddable":true,"href":"https:\/\/vrtec-sezana.si\/index.php?rest_route=%2Fwp%2Fv2%2Ftags&post=22589"}],"curies":[{"name":"wp","href":"https:\/\/api.w.org\/{rel}","templated":true}]}}