{"id":22565,"date":"2025-03-26T19:18:12","date_gmt":"2025-03-26T18:18:12","guid":{"rendered":"https:\/\/vrtec-sezana.si\/?p=22565"},"modified":"2025-03-26T19:18:12","modified_gmt":"2025-03-26T18:18:12","slug":"poletimo-v-vesolje","status":"publish","type":"post","link":"https:\/\/vrtec-sezana.si\/?p=22565","title":{"rendered":"Poletimo v vesolje"},"content":{"rendered":"\n<p>V domi\u0161ljiji je vse mogo\u010de! In da bi si la\u017eje predstavljali vesolje z vsemi planeti, smo sklenili najprej izdelati raketo.<\/p>\n\n\n\n<p>Velika \u0161katla, ki nam jo je prinesel de\u010dek iz na\u0161e skupine, se je z delom na\u0161ih pridnih rok spremenila v pravo raketo.<\/p>\n\n\n\n<p>Najprej so otroci narisali na\u010drt, kako naj bi na\u0161a raketa izgledala. Zavihali smo rokave in se lotili dela. Koti\u010dek <em>Dom<\/em> se je spremenil v <em>Astronavtski koti\u010dek<\/em>. Nekateri so vztrajno barvali raketo &nbsp;drugi pa planete.<\/p>\n\n\n\n<p>Z raketo smo poleteli v vesolje med planete, videli najsvetlej\u0161o zvezdo-sonce, luno in galaksijo zvezd. V strokovnih knjigah so si otroci z zanimanjem ogledali slike vesolja.&nbsp;<\/p>\n\n\n\n<p>Z marsovsko pesmico smo se nau\u010dili <em>marsov\u0161\u010dine<\/em>: &#8220;Mikimau, mikimau,miki, miki,miki, mau,mau,mau, to je marsovski pozdrav!<\/p>\n\n\n\n<p>\u010ce si kdo \u017eeli za trenutek odleteti v vesolje, vabljeni.&nbsp;<\/p>\n\n\n\n<p><strong>Marsovska<\/strong><\/p>\n\n\n\n<p><em>(Mira Voglar)<\/em><\/p>\n\n\n\n<p>Na\u0161a raketa kmalu bo iz\u0161teta.<\/p>\n\n\n\n<p>Tri, dva, ena, \u017ee je izstreljena.<\/p>\n\n\n\n<p><em>U_____j_____i.<\/em><\/p>\n\n\n\n<p><em>Mikimau, mikimau, miki,miki,miki,mau,mau,mau.<\/em><\/p>\n\n\n\n<p>To je marsovski pozdrav.<\/p>\n\n\n\n<p><em>Pili,puli,pala, pili,puli,pala.<\/em><\/p>\n\n\n\n<p>To pomeni hvala.<\/p>\n\n\n\n<p>Ko bi radi spet domov,<\/p>\n\n\n\n<p>re\u010demo <em>hulahov.<\/em>&nbsp;<\/p>\n\n\n\n<p><em>Hula,hula,hulahov,<\/em><\/p>\n\n\n\n<p><em>hulahov,hula,hula,hulahov,hulahov.&nbsp;<\/em><\/p>\n\n\n\n<p><em>I______j________u.<\/em><\/p>\n\n\n\n<p>Besedilo: Erna Fabjan\u010di\u010d<\/p>\n\n\n\n<p>Fotografije: Erna Fabjan\u010di\u010d<\/p>\n\n\n\n<div class=\"wp-block-buttons is-layout-flex wp-block-buttons-is-layout-flex\">\n<div class=\"wp-block-button\"><a class=\"wp-block-button__link wp-element-button\" href=\"https:\/\/vrtec-sezana.si\/?page_id=22546\">GALERIJA<\/a><\/div>\n<\/div>\n","protected":false},"excerpt":{"rendered":"<p>V domi\u0161ljiji je vse mogo\u010de! In da bi si la\u017eje predstavljali vesolje z vsemi planeti, smo sklenili najprej izdelati raketo. Velika \u0161katla, ki nam jo je prinesel de\u010dek iz na\u0161e skupine, se je z delom na\u0161ih pridnih rok spremenila v pravo raketo&#8230;.<\/p>\n","protected":false},"author":23,"featured_media":22563,"comment_status":"closed","ping_status":"closed","sticky":false,"template":"","format":"standard","meta":{"footnotes":""},"categories":[10],"tags":[],"jetpack_featured_media_url":"https:\/\/vrtec-sezana.si\/wp-content\/uploads\/2025\/03\/NASLOVNA-SLIKA-2-scaled.jpg","_links":{"self":[{"href":"https:\/\/vrtec-sezana.si\/index.php?rest_route=\/wp\/v2\/posts\/22565"}],"collection":[{"href":"https:\/\/vrtec-sezana.si\/index.php?rest_route=\/wp\/v2\/posts"}],"about":[{"href":"https:\/\/vrtec-sezana.si\/index.php?rest_route=\/wp\/v2\/types\/post"}],"author":[{"embeddable":true,"href":"https:\/\/vrtec-sezana.si\/index.php?rest_route=\/wp\/v2\/users\/23"}],"replies":[{"embeddable":true,"href":"https:\/\/vrtec-sezana.si\/index.php?rest_route=%2Fwp%2Fv2%2Fcomments&post=22565"}],"version-history":[{"count":1,"href":"https:\/\/vrtec-sezana.si\/index.php?rest_route=\/wp\/v2\/posts\/22565\/revisions"}],"predecessor-version":[{"id":22566,"href":"https:\/\/vrtec-sezana.si\/index.php?rest_route=\/wp\/v2\/posts\/22565\/revisions\/22566"}],"wp:featuredmedia":[{"embeddable":true,"href":"https:\/\/vrtec-sezana.si\/index.php?rest_route=\/wp\/v2\/media\/22563"}],"wp:attachment":[{"href":"https:\/\/vrtec-sezana.si\/index.php?rest_route=%2Fwp%2Fv2%2Fmedia&parent=22565"}],"wp:term":[{"taxonomy":"category","embeddable":true,"href":"https:\/\/vrtec-sezana.si\/index.php?rest_route=%2Fwp%2Fv2%2Fcategories&post=22565"},{"taxonomy":"post_tag","embeddable":true,"href":"https:\/\/vrtec-sezana.si\/index.php?rest_route=%2Fwp%2Fv2%2Ftags&post=22565"}],"curies":[{"name":"wp","href":"https:\/\/api.w.org\/{rel}","templated":true}]}}