{"id":22535,"date":"2025-03-26T12:48:39","date_gmt":"2025-03-26T11:48:39","guid":{"rendered":"https:\/\/vrtec-sezana.si\/?p=22535"},"modified":"2025-03-26T12:48:40","modified_gmt":"2025-03-26T11:48:40","slug":"obelezitev-svetovnega-dneva-voda-pri-metuljckih","status":"publish","type":"post","link":"https:\/\/vrtec-sezana.si\/?p=22535","title":{"rendered":"Obele\u017eitev svetovnega dneva voda pri Metulj\u010dkih"},"content":{"rendered":"\n<p>V petek, 21. marca, smo v skupini Metulj\u010dki obele\u017eili svetovni dan voda. V jutranjem krogu smo se z otroki pogovorili o pomenu vode in si ogledali fotografije, ki prikazujejo, kje vse jo najdemo. Poudarek smo namenili vodi iz pipe, ki je dragocena, zato jo moramo po uporabi vedno zapreti. Nato pa sem otrokom pokazala nekaj pripomo\u010dkov, s katerimi bodo eksperimentirali vodo.<\/p>\n\n\n\n<p>Sledila je zanimiva raziskovalna dejavnost, pri kateri so otroci preko igre spoznavali lastnosti vode. Najprej so z navdu\u0161enjem opazovali led \u2013 presene\u010deni so bili nad njegovo mrzlo povr\u0161ino in dejstvom, da se hitro tali v vodo.<\/p>\n\n\n\n<p>V naslednji posodi so otroci imeli lij in skodelice. Ugotovili so, da voda, ko jo zlijejo v lij, prite\u010de skozi v enakomernem curku. V drugi posodi so z vodo poganjali mlin\u010dek \u2013 otroci so s skodelicami prena\u0161ali vodo in opazovali, kako tok poganja mlinska kolesa.<\/p>\n\n\n\n<p>V zadnji posodi so se preizkusili v iskanju kamen\u010dkov pod motno vodo. Z veseljem so uporabljali cedilo in penovko, da so iz vode izlo\u010dali kamen\u010dke, pri \u010demer so bili navdu\u0161eni nad vsakim novim odkritjem.<\/p>\n\n\n\n<p>Ob koncu dejavnosti so otroci sami opazili, da \u010de po mokri mizi udarijo z dlanjo, voda po\u0161kropi dale\u010d naokrog. To jih je zelo zabavalo in jim omogo\u010dilo dodatno raziskovanje lastnosti vode.<\/p>\n\n\n\n<p>Ker so bili ob igri z vodo vsi mokri, smo se na koncu hitro preoblekli v suha obla\u010dila. Skozi dejavnosti so otroci na igriv na\u010din spoznavali pomen vode in njene razli\u010dne lastnosti.<\/p>\n\n\n\n<p>Besedilo: Monika Samec<\/p>\n\n\n\n<p>Fotografije: arhiv oddelka<\/p>\n\n\n\n<div class=\"wp-block-buttons is-layout-flex wp-block-buttons-is-layout-flex\">\n<div class=\"wp-block-button\"><a class=\"wp-block-button__link wp-element-button\" href=\"https:\/\/vrtec-sezana.si\/?page_id=22520\">GALERIJA<\/a><\/div>\n<\/div>\n","protected":false},"excerpt":{"rendered":"<p>V petek, 21. marca, smo v skupini Metulj\u010dki obele\u017eili svetovni dan voda. V jutranjem krogu smo se z otroki pogovorili o pomenu vode in si ogledali fotografije, ki prikazujejo, kje vse jo najdemo. Poudarek smo namenili vodi iz pipe, ki je dragocena,&#8230;<\/p>\n","protected":false},"author":23,"featured_media":22533,"comment_status":"closed","ping_status":"closed","sticky":false,"template":"","format":"standard","meta":{"footnotes":""},"categories":[10],"tags":[],"jetpack_featured_media_url":"https:\/\/vrtec-sezana.si\/wp-content\/uploads\/2025\/03\/cute-cartoon-water-drop-character-illustration-isolated-on-white-background-vector.jpg","_links":{"self":[{"href":"https:\/\/vrtec-sezana.si\/index.php?rest_route=\/wp\/v2\/posts\/22535"}],"collection":[{"href":"https:\/\/vrtec-sezana.si\/index.php?rest_route=\/wp\/v2\/posts"}],"about":[{"href":"https:\/\/vrtec-sezana.si\/index.php?rest_route=\/wp\/v2\/types\/post"}],"author":[{"embeddable":true,"href":"https:\/\/vrtec-sezana.si\/index.php?rest_route=\/wp\/v2\/users\/23"}],"replies":[{"embeddable":true,"href":"https:\/\/vrtec-sezana.si\/index.php?rest_route=%2Fwp%2Fv2%2Fcomments&post=22535"}],"version-history":[{"count":1,"href":"https:\/\/vrtec-sezana.si\/index.php?rest_route=\/wp\/v2\/posts\/22535\/revisions"}],"predecessor-version":[{"id":22536,"href":"https:\/\/vrtec-sezana.si\/index.php?rest_route=\/wp\/v2\/posts\/22535\/revisions\/22536"}],"wp:featuredmedia":[{"embeddable":true,"href":"https:\/\/vrtec-sezana.si\/index.php?rest_route=\/wp\/v2\/media\/22533"}],"wp:attachment":[{"href":"https:\/\/vrtec-sezana.si\/index.php?rest_route=%2Fwp%2Fv2%2Fmedia&parent=22535"}],"wp:term":[{"taxonomy":"category","embeddable":true,"href":"https:\/\/vrtec-sezana.si\/index.php?rest_route=%2Fwp%2Fv2%2Fcategories&post=22535"},{"taxonomy":"post_tag","embeddable":true,"href":"https:\/\/vrtec-sezana.si\/index.php?rest_route=%2Fwp%2Fv2%2Ftags&post=22535"}],"curies":[{"name":"wp","href":"https:\/\/api.w.org\/{rel}","templated":true}]}}