{"id":22518,"date":"2025-03-26T12:44:14","date_gmt":"2025-03-26T11:44:14","guid":{"rendered":"https:\/\/vrtec-sezana.si\/?p=22518"},"modified":"2025-03-26T12:44:14","modified_gmt":"2025-03-26T11:44:14","slug":"praznovanje-prvega-dne-pomladi-pri-metuljckih","status":"publish","type":"post","link":"https:\/\/vrtec-sezana.si\/?p=22518","title":{"rendered":"Praznovanje prvega dne pomladi pri Metulj\u010dkih"},"content":{"rendered":"\n<p>Prej\u0161nji teden nas je v skupini obiskala deklica Pomlad. S seboj je prinesla pesem <em>Pomladna<\/em>, ki nam je bila vsem zelo v\u0161e\u010d. Na prvi dan pomladi, v \u010detrtek, pa nam je prinesla \u0161e trobentico, ki smo jo skupaj presadili.<\/p>\n\n\n\n<p>V jutranjem krogu smo se z otroki pogovorili o tem, kaj rastline potrebujejo za rast. Skupaj smo ugotovili, da trobentica potrebuje ve\u010dji lonec, dodatno zemljo in vodo, s katero jo bomo morali redno zalivati, da bo lepo uspevala.<\/p>\n\n\n\n<p>Otroci so z veseljem sodelovali pri presajanju. Najprej so prelo\u017eili zemljo v ve\u010dji lonec, nato pa previdno prestavili trobentico. Na koncu so dodali \u0161e sve\u017eo zemljo do vrha lonca. Nekateri &nbsp;so se preizkusili tudi v zalivanju &nbsp;presajene rastline.<\/p>\n\n\n\n<p>Ko smo trobentico presadili in se je \u017ee grela na soncu, smo si ogledali \u0161e druge rastline, zna\u010dilne za pomlad.<\/p>\n\n\n\n<p>S tema dejavnostma smo skupaj obele\u017eili prihod pomladi ter skozi izku\u0161njo spoznavali skrb za rastline in naravo.<\/p>\n\n\n\n<p>Besedilo: Monika Samec<\/p>\n\n\n\n<p>Fotografije: arhiv oddelka<\/p>\n\n\n\n<div class=\"wp-block-buttons is-layout-flex wp-block-buttons-is-layout-flex\">\n<div class=\"wp-block-button\"><a class=\"wp-block-button__link wp-element-button\" href=\"https:\/\/vrtec-sezana.si\/?page_id=22500\">GALERIJA<\/a><\/div>\n<\/div>\n","protected":false},"excerpt":{"rendered":"<p>Prej\u0161nji teden nas je v skupini obiskala deklica Pomlad. S seboj je prinesla pesem Pomladna, ki nam je bila vsem zelo v\u0161e\u010d. Na prvi dan pomladi, v \u010detrtek, pa nam je prinesla \u0161e trobentico, ki smo jo skupaj presadili. V jutranjem krogu&#8230;<\/p>\n","protected":false},"author":23,"featured_media":22512,"comment_status":"closed","ping_status":"closed","sticky":false,"template":"","format":"standard","meta":{"footnotes":""},"categories":[10],"tags":[],"jetpack_featured_media_url":"https:\/\/vrtec-sezana.si\/wp-content\/uploads\/2025\/03\/flowers-and-grass-border-nature-background-vector-45930256.jpg","_links":{"self":[{"href":"https:\/\/vrtec-sezana.si\/index.php?rest_route=\/wp\/v2\/posts\/22518"}],"collection":[{"href":"https:\/\/vrtec-sezana.si\/index.php?rest_route=\/wp\/v2\/posts"}],"about":[{"href":"https:\/\/vrtec-sezana.si\/index.php?rest_route=\/wp\/v2\/types\/post"}],"author":[{"embeddable":true,"href":"https:\/\/vrtec-sezana.si\/index.php?rest_route=\/wp\/v2\/users\/23"}],"replies":[{"embeddable":true,"href":"https:\/\/vrtec-sezana.si\/index.php?rest_route=%2Fwp%2Fv2%2Fcomments&post=22518"}],"version-history":[{"count":1,"href":"https:\/\/vrtec-sezana.si\/index.php?rest_route=\/wp\/v2\/posts\/22518\/revisions"}],"predecessor-version":[{"id":22519,"href":"https:\/\/vrtec-sezana.si\/index.php?rest_route=\/wp\/v2\/posts\/22518\/revisions\/22519"}],"wp:featuredmedia":[{"embeddable":true,"href":"https:\/\/vrtec-sezana.si\/index.php?rest_route=\/wp\/v2\/media\/22512"}],"wp:attachment":[{"href":"https:\/\/vrtec-sezana.si\/index.php?rest_route=%2Fwp%2Fv2%2Fmedia&parent=22518"}],"wp:term":[{"taxonomy":"category","embeddable":true,"href":"https:\/\/vrtec-sezana.si\/index.php?rest_route=%2Fwp%2Fv2%2Fcategories&post=22518"},{"taxonomy":"post_tag","embeddable":true,"href":"https:\/\/vrtec-sezana.si\/index.php?rest_route=%2Fwp%2Fv2%2Ftags&post=22518"}],"curies":[{"name":"wp","href":"https:\/\/api.w.org\/{rel}","templated":true}]}}