{"id":22436,"date":"2025-03-25T15:12:53","date_gmt":"2025-03-25T14:12:53","guid":{"rendered":"https:\/\/vrtec-sezana.si\/?p=22436"},"modified":"2025-03-25T15:12:54","modified_gmt":"2025-03-25T14:12:54","slug":"drugi-teden-unesco-projekta-obleka-od-veka-do-veka-v-skupini-kameleoncki","status":"publish","type":"post","link":"https:\/\/vrtec-sezana.si\/?p=22436","title":{"rendered":"Drugi teden Unesco projekta Obleka od veka do veka v skupini Kameleon\u010dki"},"content":{"rendered":"\n<p>Z otroki smo si ogledali video o tem, kako se je moda spreminjala skozi \u010das. Deklice so najbolj navdu\u0161ili \u201cnapihnjeni\u201d rokavi, dolge obleke za \u201ckralji\u010dne\u201d in \u201cobelek z debelo rito\u201d, de\u010dki pa so opazili sprehajalne palice, klobuke, \u017eivalske ko\u017ee. Pogovarjali smo se o tem, ali imamo tudi danes taka obla\u010dila in se dogovorili, da se odpravimo v trgovine z obla\u010dili. Trgovke so nas pohvalile, ker smo se vljudno obna\u0161ali in smo si obla\u010dila ogledovali \u201cz o\u010dmi in ne rokami\u201d. Odpravili smo se tudi do trgovine s pripomo\u010dki za \u0161ivanje, saj nam je zmanjkalo sukanca za \u0161ivalni stroj, prav tako smo kupili \u0161ivanke z velikim u\u0161esom, da lahko \u0161ivamo z volno.<\/p>\n\n\n\n<p>Z Rokom sva otrokom prinesla nekaj razli\u010dnih obla\u010dil in z velikim navdu\u0161enjem smo se vanje obla\u010dili, jih pomerjali, ugotavljali katerim obla\u010dilom iz posnetka so podobna.<\/p>\n\n\n\n<p>Otrokom sva pripravila tudi nekaj didakti\u010dnih iger, s pomo\u010djo katerih smo utrjevali svoje besedi\u0161\u010de (na primer: kratka majica \u2013 majica s kratkimi rokavi, majca \u2013 pulover, majca &#8211; jopica), ugotavljali, kako se oble\u010demo vremenu primerno, razvr\u0161\u010dali umazana in \u010dista obla\u010dila v pralni stroj in omaro, otrokom iz plastelina izdelovali manjkajo\u010da obla\u010dila in \u0161e veliko drugega. Otroci so se igrali z doma izdelanimi prstnimi lutkami, lesenimi kockami.<\/p>\n\n\n\n<p>Lia je pri\u0161la oble\u010dena v oblekico, v kateri je \u0161la njena babica v prvi razred. Zelo je bila ponosna, da nam je oblekico lahko pokazala. Ogledali smo si, kako je bila obleka za\u0161ita, kak\u0161ne gumbe ima, kak\u0161no je blago, ko ga otipamo.<\/p>\n\n\n\n<p>Nikolino je navdu\u0161ilo \u0161ivanje in s starej\u0161o sestro sta doma za\u0161ili igra\u010dko \u2013 ma\u010dko, ki jo je prinesla v vrtec za igro, saj so neko\u010d igra\u010de izdelovali doma.<\/p>\n\n\n\n<p>Besedilo: Sabina Vla\u0161i\u0107<\/p>\n\n\n\n<p><\/p>\n\n\n\n<p><\/p>\n\n\n\n<p><\/p>\n\n\n\n<div class=\"wp-block-buttons is-layout-flex wp-block-buttons-is-layout-flex\">\n<div class=\"wp-block-button\"><a class=\"wp-block-button__link wp-element-button\" href=\"https:\/\/vrtec-sezana.si\/?page_id=22413\">GALERIJA<\/a><\/div>\n<\/div>\n","protected":false},"excerpt":{"rendered":"<p>Z otroki smo si ogledali video o tem, kako se je moda spreminjala skozi \u010das. Deklice so najbolj navdu\u0161ili \u201cnapihnjeni\u201d rokavi, dolge obleke za \u201ckralji\u010dne\u201d in \u201cobelek z debelo rito\u201d, de\u010dki pa so opazili sprehajalne palice, klobuke, \u017eivalske ko\u017ee. Pogovarjali smo se&#8230;<\/p>\n","protected":false},"author":21,"featured_media":22437,"comment_status":"closed","ping_status":"closed","sticky":false,"template":"","format":"standard","meta":{"footnotes":""},"categories":[8],"tags":[],"jetpack_featured_media_url":"https:\/\/vrtec-sezana.si\/wp-content\/uploads\/2025\/03\/20250321_084939-scaled.jpg","_links":{"self":[{"href":"https:\/\/vrtec-sezana.si\/index.php?rest_route=\/wp\/v2\/posts\/22436"}],"collection":[{"href":"https:\/\/vrtec-sezana.si\/index.php?rest_route=\/wp\/v2\/posts"}],"about":[{"href":"https:\/\/vrtec-sezana.si\/index.php?rest_route=\/wp\/v2\/types\/post"}],"author":[{"embeddable":true,"href":"https:\/\/vrtec-sezana.si\/index.php?rest_route=\/wp\/v2\/users\/21"}],"replies":[{"embeddable":true,"href":"https:\/\/vrtec-sezana.si\/index.php?rest_route=%2Fwp%2Fv2%2Fcomments&post=22436"}],"version-history":[{"count":1,"href":"https:\/\/vrtec-sezana.si\/index.php?rest_route=\/wp\/v2\/posts\/22436\/revisions"}],"predecessor-version":[{"id":22438,"href":"https:\/\/vrtec-sezana.si\/index.php?rest_route=\/wp\/v2\/posts\/22436\/revisions\/22438"}],"wp:featuredmedia":[{"embeddable":true,"href":"https:\/\/vrtec-sezana.si\/index.php?rest_route=\/wp\/v2\/media\/22437"}],"wp:attachment":[{"href":"https:\/\/vrtec-sezana.si\/index.php?rest_route=%2Fwp%2Fv2%2Fmedia&parent=22436"}],"wp:term":[{"taxonomy":"category","embeddable":true,"href":"https:\/\/vrtec-sezana.si\/index.php?rest_route=%2Fwp%2Fv2%2Fcategories&post=22436"},{"taxonomy":"post_tag","embeddable":true,"href":"https:\/\/vrtec-sezana.si\/index.php?rest_route=%2Fwp%2Fv2%2Ftags&post=22436"}],"curies":[{"name":"wp","href":"https:\/\/api.w.org\/{rel}","templated":true}]}}