{"id":22410,"date":"2025-03-25T14:15:24","date_gmt":"2025-03-25T13:15:24","guid":{"rendered":"https:\/\/vrtec-sezana.si\/?p=22410"},"modified":"2025-03-25T17:24:02","modified_gmt":"2025-03-25T16:24:02","slug":"pustni-dnevi-v-skupini-cebelice","status":"publish","type":"post","link":"https:\/\/vrtec-sezana.si\/?p=22410","title":{"rendered":"Pustni dnevi v skupini \u010cebelice"},"content":{"rendered":"\n<p>V skupini \u010cebelice smo imeli prav posebne dneve. Bili so polni ustvarjanja, hrustanja, sladkanja, smejanja in rajanja. Na pustni torek smo se za\u010deli pripravljati \u017ee nekaj dni prej \u2013 risali smo, barvali, lepili itd. Seveda pa smo vse to delali s \u0161irokim nasmehom, ki je bil na\u0161 dodatek za vsak dan.<\/p>\n\n\n\n<p><br>V na\u0161i skupini dan ni bil zgolj navaden, \u0161e posebej pa nismo \u017eeleli, da bi pust minil brez dobrega rajanja. Najprej smo se posladkali, nato pa smo iz na\u0161e igralnice ustvarili pravo pustno \u010darovnijo.<br><\/p>\n\n\n\n<p>Za\u010deli smo s pustnimi pikicami, ki so nas navdu\u0161ile. Koliko veselja je bilo v raziskovanju in dotikanju teh ve\u010dbarvnih pikic! Nato smo se preoblekli v pustne kostume. Vsak otrok je za svoj pustni \u00bbsvet\u00ab izbral kostum, ki mu<br>je najbolj pristajal. Otroke v kostumih sva nato poslikali in pozirali so za spominske fotografije.<br><\/p>\n\n\n\n<p>Do\u010dakali smo tudi kurente, ki so \u0161e dodatno popestrili na\u0161 dan. Veliko smo plesali, se smejali in se zabavali. \u010custva so bila me\u0161ana, vendar je prevladovala \u010dista pozitivna energija.<br><\/p>\n\n\n\n<p>Na koncu smo se utrujeni, a sre\u010dni in polni lepih spominov, odpravili v sanje. To je bil na\u0161 prvi skupni pust, ki nam je prinesel \u0161tevilne nove izku\u0161nje in nepozabne trenutke.<\/p>\n\n\n\n<p>Besedilo in fotografije: \u017dana Komazec<\/p>\n\n\n\n<p><\/p>\n\n\n\n<p><\/p>\n\n\n\n<div class=\"wp-block-buttons is-layout-flex wp-block-buttons-is-layout-flex\">\n<div class=\"wp-block-button\"><a class=\"wp-block-button__link wp-element-button\" href=\"https:\/\/vrtec-sezana.si\/?page_id=22395\">GALERIJA<\/a><\/div>\n<\/div>\n","protected":false},"excerpt":{"rendered":"<p>V skupini \u010cebelice smo imeli prav posebne dneve. Bili so polni ustvarjanja, hrustanja, sladkanja, smejanja in rajanja. Na pustni torek smo se za\u010deli pripravljati \u017ee nekaj dni prej \u2013 risali smo, barvali, lepili itd. Seveda pa smo vse to delali s \u0161irokim&#8230;<\/p>\n","protected":false},"author":36,"featured_media":22450,"comment_status":"closed","ping_status":"closed","sticky":false,"template":"","format":"standard","meta":{"footnotes":""},"categories":[9],"tags":[],"jetpack_featured_media_url":"https:\/\/vrtec-sezana.si\/wp-content\/uploads\/2025\/03\/20250305_111612-scaled.jpg","_links":{"self":[{"href":"https:\/\/vrtec-sezana.si\/index.php?rest_route=\/wp\/v2\/posts\/22410"}],"collection":[{"href":"https:\/\/vrtec-sezana.si\/index.php?rest_route=\/wp\/v2\/posts"}],"about":[{"href":"https:\/\/vrtec-sezana.si\/index.php?rest_route=\/wp\/v2\/types\/post"}],"author":[{"embeddable":true,"href":"https:\/\/vrtec-sezana.si\/index.php?rest_route=\/wp\/v2\/users\/36"}],"replies":[{"embeddable":true,"href":"https:\/\/vrtec-sezana.si\/index.php?rest_route=%2Fwp%2Fv2%2Fcomments&post=22410"}],"version-history":[{"count":1,"href":"https:\/\/vrtec-sezana.si\/index.php?rest_route=\/wp\/v2\/posts\/22410\/revisions"}],"predecessor-version":[{"id":22412,"href":"https:\/\/vrtec-sezana.si\/index.php?rest_route=\/wp\/v2\/posts\/22410\/revisions\/22412"}],"wp:featuredmedia":[{"embeddable":true,"href":"https:\/\/vrtec-sezana.si\/index.php?rest_route=\/wp\/v2\/media\/22450"}],"wp:attachment":[{"href":"https:\/\/vrtec-sezana.si\/index.php?rest_route=%2Fwp%2Fv2%2Fmedia&parent=22410"}],"wp:term":[{"taxonomy":"category","embeddable":true,"href":"https:\/\/vrtec-sezana.si\/index.php?rest_route=%2Fwp%2Fv2%2Fcategories&post=22410"},{"taxonomy":"post_tag","embeddable":true,"href":"https:\/\/vrtec-sezana.si\/index.php?rest_route=%2Fwp%2Fv2%2Ftags&post=22410"}],"curies":[{"name":"wp","href":"https:\/\/api.w.org\/{rel}","templated":true}]}}