{"id":22329,"date":"2025-03-22T19:46:18","date_gmt":"2025-03-22T18:46:18","guid":{"rendered":"https:\/\/vrtec-sezana.si\/?p=22329"},"modified":"2025-03-22T19:47:42","modified_gmt":"2025-03-22T18:47:42","slug":"zima-v-skupini-zabice","status":"publish","type":"post","link":"https:\/\/vrtec-sezana.si\/?p=22329","title":{"rendered":"Zima v skupini \u017dabice"},"content":{"rendered":"\n<p>Zimski \u010das je pri \u017dabicah zelo hitro minil. Veliko smo se igrali, se gibali v telovadnici, ustvarjali, peli, se zabavali. Nekateri so se tudi prvi\u010d sre\u010dali s kahlico. Sprva smo jo le opazovali, z bibarijo Klipa klopa ter pravljico o uporabi kahlice, Matev\u017eu je uspelo, pa smo tudi mi premagali strah pred kahlico in jo \u017ee veselo uporabljamo. Raziskovali smo okolico vrtca ter opazovali \u017eivljenje okrog nas. Zimski \u010das pa smo zaklju\u010dili s praznovanjem pusta. Otroci so se na\u0161emili v najrazli\u010dnej\u0161e maske, peli smo pesmice, rajali ob glasbi ter se tudi mi udele\u017eili pustne povorke enote Lehte.<\/p>\n\n\n\n<p>Besedilo: Ur\u0161a Trobec<\/p>\n\n\n\n<p>Fotografije: Ur\u0161a Trobec<\/p>\n\n\n\n<p><\/p>\n\n\n\n<div class=\"wp-block-buttons is-layout-flex wp-block-buttons-is-layout-flex\">\n<div class=\"wp-block-button\"><a class=\"wp-block-button__link wp-element-button\" href=\"https:\/\/vrtec-sezana.si\/?page_id=22304\">GALERIJA<\/a><\/div>\n\n\n\n\n<\/div>\n","protected":false},"excerpt":{"rendered":"<p>Zimski \u010das je pri \u017dabicah zelo hitro minil. Veliko smo se igrali, se gibali v telovadnici, ustvarjali, peli, se zabavali. Nekateri so se tudi prvi\u010d sre\u010dali s kahlico. Sprva smo jo le opazovali, z bibarijo Klipa klopa ter pravljico o uporabi kahlice,&#8230;<\/p>\n","protected":false},"author":4,"featured_media":22331,"comment_status":"closed","ping_status":"closed","sticky":false,"template":"","format":"standard","meta":{"footnotes":""},"categories":[6],"tags":[],"jetpack_featured_media_url":"https:\/\/vrtec-sezana.si\/wp-content\/uploads\/2025\/03\/ZABICE-NASLOV.jpg","_links":{"self":[{"href":"https:\/\/vrtec-sezana.si\/index.php?rest_route=\/wp\/v2\/posts\/22329"}],"collection":[{"href":"https:\/\/vrtec-sezana.si\/index.php?rest_route=\/wp\/v2\/posts"}],"about":[{"href":"https:\/\/vrtec-sezana.si\/index.php?rest_route=\/wp\/v2\/types\/post"}],"author":[{"embeddable":true,"href":"https:\/\/vrtec-sezana.si\/index.php?rest_route=\/wp\/v2\/users\/4"}],"replies":[{"embeddable":true,"href":"https:\/\/vrtec-sezana.si\/index.php?rest_route=%2Fwp%2Fv2%2Fcomments&post=22329"}],"version-history":[{"count":1,"href":"https:\/\/vrtec-sezana.si\/index.php?rest_route=\/wp\/v2\/posts\/22329\/revisions"}],"predecessor-version":[{"id":22330,"href":"https:\/\/vrtec-sezana.si\/index.php?rest_route=\/wp\/v2\/posts\/22329\/revisions\/22330"}],"wp:featuredmedia":[{"embeddable":true,"href":"https:\/\/vrtec-sezana.si\/index.php?rest_route=\/wp\/v2\/media\/22331"}],"wp:attachment":[{"href":"https:\/\/vrtec-sezana.si\/index.php?rest_route=%2Fwp%2Fv2%2Fmedia&parent=22329"}],"wp:term":[{"taxonomy":"category","embeddable":true,"href":"https:\/\/vrtec-sezana.si\/index.php?rest_route=%2Fwp%2Fv2%2Fcategories&post=22329"},{"taxonomy":"post_tag","embeddable":true,"href":"https:\/\/vrtec-sezana.si\/index.php?rest_route=%2Fwp%2Fv2%2Ftags&post=22329"}],"curies":[{"name":"wp","href":"https:\/\/api.w.org\/{rel}","templated":true}]}}