{"id":22301,"date":"2025-03-22T14:59:54","date_gmt":"2025-03-22T13:59:54","guid":{"rendered":"https:\/\/vrtec-sezana.si\/?p=22301"},"modified":"2025-03-22T14:59:54","modified_gmt":"2025-03-22T13:59:54","slug":"bralni-palcek-nam-pomaga","status":"publish","type":"post","link":"https:\/\/vrtec-sezana.si\/?p=22301","title":{"rendered":"Bralni pal\u010dek nam pomaga"},"content":{"rendered":"\n<p>V na\u0161i skupini Ku\u017eki, je kar nekaj tujejezi\u010dnih otrok, ki slab\u0161e razumejo in govorijo slovenski jezik. S sodelavkami smo se odlo\u010dile, da jim pomagamo z razli\u010dnimi dejavnostmi, z medvrstni\u0161ko pomo\u010djo otrok, do bolj\u0161ega znanja, razumevanja in govora slovenskega jezika. Otroci so potrebovali ve\u010d spodbude, potrpljenja in obnovitev pravljic. Nekatere pravljice smo tudi dramatizirali in te so zelo radi pripovedovali. Bralni pal\u010dek nas je spremljal, poslu\u0161al in pomagal pri pripovedovanju treh pravljic in deklamacije. Vsi otroci iz skupine Ku\u017eki so uspe\u0161no zaklju\u010dili dejavnost Bralni pal\u010dek.<\/p>\n\n\n\n<p>V marcu so prejeli priznanja pred\u0161olske bralne zna\u010dke \u2013 Bralni pal\u010dek in tega dogodka smo se vsi veselili.<\/p>\n\n\n\n<p>Besedilo: Katja Po\u017ear<\/p>\n\n\n\n<p><\/p>\n\n\n\n<p><\/p>\n\n\n\n<p><\/p>\n\n\n\n<div class=\"wp-block-buttons is-layout-flex wp-block-buttons-is-layout-flex\">\n<div class=\"wp-block-button\"><a class=\"wp-block-button__link wp-element-button\" href=\"https:\/\/vrtec-sezana.si\/?page_id=22279\">GALERIJA<\/a><\/div>\n<\/div>\n","protected":false},"excerpt":{"rendered":"<p>V na\u0161i skupini Ku\u017eki, je kar nekaj tujejezi\u010dnih otrok, ki slab\u0161e razumejo in govorijo slovenski jezik. S sodelavkami smo se odlo\u010dile, da jim pomagamo z razli\u010dnimi dejavnostmi, z medvrstni\u0161ko pomo\u010djo otrok, do bolj\u0161ega znanja, razumevanja in govora slovenskega jezika. Otroci so potrebovali&#8230;<\/p>\n","protected":false},"author":21,"featured_media":22302,"comment_status":"closed","ping_status":"closed","sticky":false,"template":"","format":"standard","meta":{"footnotes":""},"categories":[8],"tags":[],"jetpack_featured_media_url":"https:\/\/vrtec-sezana.si\/wp-content\/uploads\/2025\/03\/pravljicni-palcek-1-840x450-1.jpg","_links":{"self":[{"href":"https:\/\/vrtec-sezana.si\/index.php?rest_route=\/wp\/v2\/posts\/22301"}],"collection":[{"href":"https:\/\/vrtec-sezana.si\/index.php?rest_route=\/wp\/v2\/posts"}],"about":[{"href":"https:\/\/vrtec-sezana.si\/index.php?rest_route=\/wp\/v2\/types\/post"}],"author":[{"embeddable":true,"href":"https:\/\/vrtec-sezana.si\/index.php?rest_route=\/wp\/v2\/users\/21"}],"replies":[{"embeddable":true,"href":"https:\/\/vrtec-sezana.si\/index.php?rest_route=%2Fwp%2Fv2%2Fcomments&post=22301"}],"version-history":[{"count":1,"href":"https:\/\/vrtec-sezana.si\/index.php?rest_route=\/wp\/v2\/posts\/22301\/revisions"}],"predecessor-version":[{"id":22303,"href":"https:\/\/vrtec-sezana.si\/index.php?rest_route=\/wp\/v2\/posts\/22301\/revisions\/22303"}],"wp:featuredmedia":[{"embeddable":true,"href":"https:\/\/vrtec-sezana.si\/index.php?rest_route=\/wp\/v2\/media\/22302"}],"wp:attachment":[{"href":"https:\/\/vrtec-sezana.si\/index.php?rest_route=%2Fwp%2Fv2%2Fmedia&parent=22301"}],"wp:term":[{"taxonomy":"category","embeddable":true,"href":"https:\/\/vrtec-sezana.si\/index.php?rest_route=%2Fwp%2Fv2%2Fcategories&post=22301"},{"taxonomy":"post_tag","embeddable":true,"href":"https:\/\/vrtec-sezana.si\/index.php?rest_route=%2Fwp%2Fv2%2Ftags&post=22301"}],"curies":[{"name":"wp","href":"https:\/\/api.w.org\/{rel}","templated":true}]}}