{"id":22277,"date":"2025-03-26T14:04:05","date_gmt":"2025-03-26T13:04:05","guid":{"rendered":"https:\/\/vrtec-sezana.si\/?p=22277"},"modified":"2025-03-26T14:04:35","modified_gmt":"2025-03-26T13:04:35","slug":"slavnostna-zasaditev-lipe-v-vrtcu-materija","status":"publish","type":"post","link":"https:\/\/vrtec-sezana.si\/?p=22277","title":{"rendered":"Slavnostna zasaditev lipe v vrtcu materija"},"content":{"rendered":"\n<p>HEJ, \u010cEBELA HITROKRILA,<\/p>\n\n\n\n<p>KAM, LE KAM SI SE MI SKRILA?<\/p>\n\n\n\n<p>PRIDI ZNOVA, PRIDI SPET,<\/p>\n\n\n\n<p>NA PRELEPI LIPOV CVET!<\/p>\n\n\n\n<p>HEJ \u010cEBELA HITRIKRILA,<\/p>\n\n\n\n<p>KJE SI ZDAJ? SE BO\u0160 VRNILA?<\/p>\n\n\n\n<p>PRIDI ZNOVA, PRIDI SPET,<\/p>\n\n\n\n<p>NA PRELEPI LIPOV CVET!<\/p>\n\n\n\n<p>S to deklamacijo smo s pomo\u010djo \u010debelarja g. Mlinari\u010da, 19. marca na vrt\u010devskem igri\u0161\u010du posadili lipo. Ob\u010dina Hrpelje \u2013 Kozina je namre\u010d v sodelovanju s \u010debelarsko zvezo SLO prejela po razpisu v zasaditev medovite rastline \u2013 lipe in eno lipo smo s pomo\u010djo \u010debelarja zasadili prav na na\u0161em vrt\u010devskem igri\u0161\u010du. Lipa je drevo, ki simbolizira doma\u010dnost, povezanost in skrb za naravo. \u010cebelar je otroke seznanil, o pomenu lipe, nato pa so tudi otroci zavihali rokave in pomagali pri zasaditvi drevesa. Z iskricami v o\u010deh so z majhnimi lopatkami dodajali zemljo in s skupnimi mo\u010dmi naredili nekaj lepega za prihodnost.<\/p>\n\n\n\n<p>Lipa bo v prihodnjih letih nudila senco in hrano \u010debelam ter nas vse opominjala na pomen sodelovanja in skrbi za naravo. Hvala \u010debelarju g. Mlinari\u010du za njegovo pomo\u010d in vsem otrokom za njihov trud ter veselje!<\/p>\n\n\n\n<p>Besedilo: Marjeta Prunk Sluga<\/p>\n\n\n\n<p>Fotografije: Karmen Petrovi\u010d<\/p>\n\n\n\n<div class=\"wp-block-buttons is-layout-flex wp-block-buttons-is-layout-flex\">\n<div class=\"wp-block-button\"><a class=\"wp-block-button__link wp-element-button\" href=\"https:\/\/vrtec-sezana.si\/?page_id=22264\">GALERIJA<\/a><\/div>\n<\/div>\n","protected":false},"excerpt":{"rendered":"<p>HEJ, \u010cEBELA HITROKRILA, KAM, LE KAM SI SE MI SKRILA? PRIDI ZNOVA, PRIDI SPET, NA PRELEPI LIPOV CVET! HEJ \u010cEBELA HITRIKRILA, KJE SI ZDAJ? SE BO\u0160 VRNILA? PRIDI ZNOVA, PRIDI SPET, NA PRELEPI LIPOV CVET! S to deklamacijo smo s pomo\u010djo \u010debelarja&#8230;<\/p>\n","protected":false},"author":11,"featured_media":22269,"comment_status":"closed","ping_status":"closed","sticky":false,"template":"","format":"standard","meta":{"footnotes":""},"categories":[16],"tags":[],"jetpack_featured_media_url":"https:\/\/vrtec-sezana.si\/wp-content\/uploads\/2025\/03\/Slika-1-scaled.jpg","_links":{"self":[{"href":"https:\/\/vrtec-sezana.si\/index.php?rest_route=\/wp\/v2\/posts\/22277"}],"collection":[{"href":"https:\/\/vrtec-sezana.si\/index.php?rest_route=\/wp\/v2\/posts"}],"about":[{"href":"https:\/\/vrtec-sezana.si\/index.php?rest_route=\/wp\/v2\/types\/post"}],"author":[{"embeddable":true,"href":"https:\/\/vrtec-sezana.si\/index.php?rest_route=\/wp\/v2\/users\/11"}],"replies":[{"embeddable":true,"href":"https:\/\/vrtec-sezana.si\/index.php?rest_route=%2Fwp%2Fv2%2Fcomments&post=22277"}],"version-history":[{"count":2,"href":"https:\/\/vrtec-sezana.si\/index.php?rest_route=\/wp\/v2\/posts\/22277\/revisions"}],"predecessor-version":[{"id":22537,"href":"https:\/\/vrtec-sezana.si\/index.php?rest_route=\/wp\/v2\/posts\/22277\/revisions\/22537"}],"wp:featuredmedia":[{"embeddable":true,"href":"https:\/\/vrtec-sezana.si\/index.php?rest_route=\/wp\/v2\/media\/22269"}],"wp:attachment":[{"href":"https:\/\/vrtec-sezana.si\/index.php?rest_route=%2Fwp%2Fv2%2Fmedia&parent=22277"}],"wp:term":[{"taxonomy":"category","embeddable":true,"href":"https:\/\/vrtec-sezana.si\/index.php?rest_route=%2Fwp%2Fv2%2Fcategories&post=22277"},{"taxonomy":"post_tag","embeddable":true,"href":"https:\/\/vrtec-sezana.si\/index.php?rest_route=%2Fwp%2Fv2%2Ftags&post=22277"}],"curies":[{"name":"wp","href":"https:\/\/api.w.org\/{rel}","templated":true}]}}