{"id":22173,"date":"2025-03-17T16:37:57","date_gmt":"2025-03-17T15:37:57","guid":{"rendered":"https:\/\/vrtec-sezana.si\/?p=22173"},"modified":"2025-03-17T16:37:57","modified_gmt":"2025-03-17T15:37:57","slug":"pustni-cas","status":"publish","type":"post","link":"https:\/\/vrtec-sezana.si\/?p=22173","title":{"rendered":"Pustni \u010das"},"content":{"rendered":"\n<p>Otroci iz skupine Metulji smo z velikim veseljem pri\u010dakovali pustni torek. V dneh pred njim smo ustvarjali pisane pustne maske, okrasili igralnico ter se preizkusili v preobla\u010denju v razli\u010dne kostume. Barve, ble\u0161\u010dice in smeh so napolnili na\u0161o sobo, saj smo se pripravljali na najbolj nor\u010dav dan v letu.<\/p>\n\n\n\n<p>Na pustni torek smo se vsi otroci in vzgojiteljice iz vrtca zbrali na bli\u017enjem igri\u0161\u010du, kjer smo skupaj zaplesali in se veselili ob zvokih harmonike. Vsaka maska se je predstavila na posebnem pohodu, otroci pa so svoje prijatelje nagradili z bu\u010dnim aplavzom. Veselje in smeh sta preganjala zimo, na koncu pa nas je za kosilo razveselil slasten in sladek pustni krof.<\/p>\n\n\n\n<p class=\"has-text-align-center\">\u00bbPustni \u010das, nor\u010dav in mlad,<\/p>\n\n\n\n<p class=\"has-text-align-center\">zimo pre\u017eene,<\/p>\n\n\n\n<p class=\"has-text-align-center\">prinese pomlad!\u00ab<\/p>\n\n\n\n<p>Besedilo: Mateja Berce<\/p>\n\n\n\n<p>Fotografije: Mateja Berce<\/p>\n\n\n\n<div class=\"wp-block-buttons is-layout-flex wp-block-buttons-is-layout-flex\">\n<div class=\"wp-block-button\"><a class=\"wp-block-button__link wp-element-button\" href=\"https:\/\/vrtec-sezana.si\/?page_id=22131\">GALERIJA<\/a><\/div>\n<\/div>\n","protected":false},"excerpt":{"rendered":"<p>Otroci iz skupine Metulji smo z velikim veseljem pri\u010dakovali pustni torek. V dneh pred njim smo ustvarjali pisane pustne maske, okrasili igralnico ter se preizkusili v preobla\u010denju v razli\u010dne kostume. Barve, ble\u0161\u010dice in smeh so napolnili na\u0161o sobo, saj smo se pripravljali&#8230;<\/p>\n","protected":false},"author":20,"featured_media":22141,"comment_status":"closed","ping_status":"closed","sticky":false,"template":"","format":"standard","meta":{"footnotes":""},"categories":[8],"tags":[],"jetpack_featured_media_url":"https:\/\/vrtec-sezana.si\/wp-content\/uploads\/2025\/03\/IMG_20250314_124149-scaled.jpg","_links":{"self":[{"href":"https:\/\/vrtec-sezana.si\/index.php?rest_route=\/wp\/v2\/posts\/22173"}],"collection":[{"href":"https:\/\/vrtec-sezana.si\/index.php?rest_route=\/wp\/v2\/posts"}],"about":[{"href":"https:\/\/vrtec-sezana.si\/index.php?rest_route=\/wp\/v2\/types\/post"}],"author":[{"embeddable":true,"href":"https:\/\/vrtec-sezana.si\/index.php?rest_route=\/wp\/v2\/users\/20"}],"replies":[{"embeddable":true,"href":"https:\/\/vrtec-sezana.si\/index.php?rest_route=%2Fwp%2Fv2%2Fcomments&post=22173"}],"version-history":[{"count":1,"href":"https:\/\/vrtec-sezana.si\/index.php?rest_route=\/wp\/v2\/posts\/22173\/revisions"}],"predecessor-version":[{"id":22176,"href":"https:\/\/vrtec-sezana.si\/index.php?rest_route=\/wp\/v2\/posts\/22173\/revisions\/22176"}],"wp:featuredmedia":[{"embeddable":true,"href":"https:\/\/vrtec-sezana.si\/index.php?rest_route=\/wp\/v2\/media\/22141"}],"wp:attachment":[{"href":"https:\/\/vrtec-sezana.si\/index.php?rest_route=%2Fwp%2Fv2%2Fmedia&parent=22173"}],"wp:term":[{"taxonomy":"category","embeddable":true,"href":"https:\/\/vrtec-sezana.si\/index.php?rest_route=%2Fwp%2Fv2%2Fcategories&post=22173"},{"taxonomy":"post_tag","embeddable":true,"href":"https:\/\/vrtec-sezana.si\/index.php?rest_route=%2Fwp%2Fv2%2Ftags&post=22173"}],"curies":[{"name":"wp","href":"https:\/\/api.w.org\/{rel}","templated":true}]}}