{"id":22129,"date":"2025-03-17T14:36:09","date_gmt":"2025-03-17T13:36:09","guid":{"rendered":"https:\/\/vrtec-sezana.si\/?p=22129"},"modified":"2025-03-17T14:36:09","modified_gmt":"2025-03-17T13:36:09","slug":"pustno-rajanje","status":"publish","type":"post","link":"https:\/\/vrtec-sezana.si\/?p=22129","title":{"rendered":"Pustno rajanje"},"content":{"rendered":"\n<p>V skupini Ribice smo \u017ee dneve pred pustnim torkom ustvarjali pravo prazni\u010dno vzdu\u0161je. Barvali smo si obraze, preizku\u0161ali razli\u010dne lasulje in klobuke ter veselo rajali. Skupaj smo izdelali pisane klovne, ki so krasili na\u0161o garderobo in poskrbeli za \u0161e bolj pisano in nor\u010davo vzdu\u0161je v na\u0161em vrtcu.<\/p>\n\n\n\n<p>Zelo smo se razveselili obiska kurentov in hru\u0161i\u0161kih \u0161koromatov, ki so z glasnim zvonjenjem in nor\u010davostjo pregnali zimo.<\/p>\n\n\n\n<p>Na pustni torek smo se na\u0161emljeni podali na povorko do va\u0161kega doma, kjer nas je pri\u010dakal animator Mali Bu s super glasbo. Skupaj smo plesali, peli in se neizmerno zabavali. Obiskala nas je tudi \u017eupanja. Za sladek zaklju\u010dek smo se posladkali s slastnimi krofi, nato pa se veseli vrnili v vrtec.<\/p>\n\n\n\n<p>Pust je resni\u010dno najlep\u0161i \u010das v letu \u2013 poln barv, smeha in veselja, ki nas povezuje in nam pri\u010dara nepozabne spomine!<\/p>\n\n\n\n<p>Besedilo: Tina Tav\u010dar<\/p>\n\n\n\n<p>Fotografije: Tina Tav\u010dar<\/p>\n\n\n\n<div class=\"wp-block-buttons is-layout-flex wp-block-buttons-is-layout-flex\">\n<div class=\"wp-block-button\"><a class=\"wp-block-button__link wp-element-button\" href=\"https:\/\/vrtec-sezana.si\/?page_id=22106\">GALERIJA<\/a><\/div>\n<\/div>\n","protected":false},"excerpt":{"rendered":"<p>V skupini Ribice smo \u017ee dneve pred pustnim torkom ustvarjali pravo prazni\u010dno vzdu\u0161je. Barvali smo si obraze, preizku\u0161ali razli\u010dne lasulje in klobuke ter veselo rajali. Skupaj smo izdelali pisane klovne, ki so krasili na\u0161o garderobo in poskrbeli za \u0161e bolj pisano in&#8230;<\/p>\n","protected":false},"author":35,"featured_media":22124,"comment_status":"closed","ping_status":"closed","sticky":false,"template":"","format":"standard","meta":{"footnotes":""},"categories":[10],"tags":[],"jetpack_featured_media_url":"https:\/\/vrtec-sezana.si\/wp-content\/uploads\/2025\/03\/Posnetek-zaslona-2025-03-17-143222.jpg","_links":{"self":[{"href":"https:\/\/vrtec-sezana.si\/index.php?rest_route=\/wp\/v2\/posts\/22129"}],"collection":[{"href":"https:\/\/vrtec-sezana.si\/index.php?rest_route=\/wp\/v2\/posts"}],"about":[{"href":"https:\/\/vrtec-sezana.si\/index.php?rest_route=\/wp\/v2\/types\/post"}],"author":[{"embeddable":true,"href":"https:\/\/vrtec-sezana.si\/index.php?rest_route=\/wp\/v2\/users\/35"}],"replies":[{"embeddable":true,"href":"https:\/\/vrtec-sezana.si\/index.php?rest_route=%2Fwp%2Fv2%2Fcomments&post=22129"}],"version-history":[{"count":1,"href":"https:\/\/vrtec-sezana.si\/index.php?rest_route=\/wp\/v2\/posts\/22129\/revisions"}],"predecessor-version":[{"id":22130,"href":"https:\/\/vrtec-sezana.si\/index.php?rest_route=\/wp\/v2\/posts\/22129\/revisions\/22130"}],"wp:featuredmedia":[{"embeddable":true,"href":"https:\/\/vrtec-sezana.si\/index.php?rest_route=\/wp\/v2\/media\/22124"}],"wp:attachment":[{"href":"https:\/\/vrtec-sezana.si\/index.php?rest_route=%2Fwp%2Fv2%2Fmedia&parent=22129"}],"wp:term":[{"taxonomy":"category","embeddable":true,"href":"https:\/\/vrtec-sezana.si\/index.php?rest_route=%2Fwp%2Fv2%2Fcategories&post=22129"},{"taxonomy":"post_tag","embeddable":true,"href":"https:\/\/vrtec-sezana.si\/index.php?rest_route=%2Fwp%2Fv2%2Ftags&post=22129"}],"curies":[{"name":"wp","href":"https:\/\/api.w.org\/{rel}","templated":true}]}}