{"id":22077,"date":"2025-03-16T20:33:03","date_gmt":"2025-03-16T19:33:03","guid":{"rendered":"https:\/\/vrtec-sezana.si\/?p=22077"},"modified":"2025-03-16T20:33:03","modified_gmt":"2025-03-16T19:33:03","slug":"maskare-pri-slonckih","status":"publish","type":"post","link":"https:\/\/vrtec-sezana.si\/?p=22077","title":{"rendered":"Ma\u0161kare pri Slon\u010dkih"},"content":{"rendered":"\n<p>Pri slon\u010dkih smo se za\u010deli s pustom seznanjati \u0161e pred zimskimi po\u010ditnicami. Najprej so nas s svojim obiskom razveselili Kurenti in Hru\u0161i\u0161ki \u0161koromati, ki so s svojimi zvonci za\u010deli preganjati zimo. V naslednjih dneh so imeli otroci na voljo razli\u010dne kostume, ki so jih lahko oblekli in se po\u010dutili kot medved, zajec, mi\u0161ka, mucka, \u017eaba, klovn, princeske itd\u2026 Strokovne delavke smo poskrbele tudi za poslikavo obrazov. In ob tem smo veselo prepevali pustne pesmice in rajali ob glasbi z otroci iz ostalih skupin.<\/p>\n\n\n\n<p>Odlo\u010dili smo se, da sami poskusimo pripraviti tudi eno izmed pustnih dobrot-mi\u0161ke. Mmm bile so tako dobre, da jih je hitro zmanjkalo.<\/p>\n\n\n\n<p>Na pustni torek pa smo se v pustni povorki odpravili do va\u0161kega doma, kjer smo skupaj z Malim Bu-jem prepevali in rajali ob glasbi. Kot se za pusta spodobi smo se posladkali tudi s krofi.<\/p>\n\n\n\n<p>Upamo, da smo sedaj zimo odgnali in priklicali pomlad.<\/p>\n\n\n\n<p>Besedilo: Nada Ma\u010dinkovi\u0107<\/p>\n\n\n\n<p>Fotografije: Nada Ma\u010dinkovi\u0107<\/p>\n\n\n\n<p><\/p>\n\n\n\n<div class=\"wp-block-buttons is-layout-flex wp-block-buttons-is-layout-flex\">\n<div class=\"wp-block-button\"><a class=\"wp-block-button__link wp-element-button\" href=\"https:\/\/vrtec-sezana.si\/?page_id=22053\">GALERIJA<\/a><\/div>\n<\/div>\n","protected":false},"excerpt":{"rendered":"<p>Pri slon\u010dkih smo se za\u010deli s pustom seznanjati \u0161e pred zimskimi po\u010ditnicami. Najprej so nas s svojim obiskom razveselili Kurenti in Hru\u0161i\u0161ki \u0161koromati, ki so s svojimi zvonci za\u010deli preganjati zimo. V naslednjih dneh so imeli otroci na voljo razli\u010dne kostume, ki&#8230;<\/p>\n","protected":false},"author":23,"featured_media":22075,"comment_status":"closed","ping_status":"closed","sticky":false,"template":"","format":"standard","meta":{"footnotes":""},"categories":[10],"tags":[],"jetpack_featured_media_url":"https:\/\/vrtec-sezana.si\/wp-content\/uploads\/2025\/03\/maskare-300x271-1.jpg","_links":{"self":[{"href":"https:\/\/vrtec-sezana.si\/index.php?rest_route=\/wp\/v2\/posts\/22077"}],"collection":[{"href":"https:\/\/vrtec-sezana.si\/index.php?rest_route=\/wp\/v2\/posts"}],"about":[{"href":"https:\/\/vrtec-sezana.si\/index.php?rest_route=\/wp\/v2\/types\/post"}],"author":[{"embeddable":true,"href":"https:\/\/vrtec-sezana.si\/index.php?rest_route=\/wp\/v2\/users\/23"}],"replies":[{"embeddable":true,"href":"https:\/\/vrtec-sezana.si\/index.php?rest_route=%2Fwp%2Fv2%2Fcomments&post=22077"}],"version-history":[{"count":1,"href":"https:\/\/vrtec-sezana.si\/index.php?rest_route=\/wp\/v2\/posts\/22077\/revisions"}],"predecessor-version":[{"id":22078,"href":"https:\/\/vrtec-sezana.si\/index.php?rest_route=\/wp\/v2\/posts\/22077\/revisions\/22078"}],"wp:featuredmedia":[{"embeddable":true,"href":"https:\/\/vrtec-sezana.si\/index.php?rest_route=\/wp\/v2\/media\/22075"}],"wp:attachment":[{"href":"https:\/\/vrtec-sezana.si\/index.php?rest_route=%2Fwp%2Fv2%2Fmedia&parent=22077"}],"wp:term":[{"taxonomy":"category","embeddable":true,"href":"https:\/\/vrtec-sezana.si\/index.php?rest_route=%2Fwp%2Fv2%2Fcategories&post=22077"},{"taxonomy":"post_tag","embeddable":true,"href":"https:\/\/vrtec-sezana.si\/index.php?rest_route=%2Fwp%2Fv2%2Ftags&post=22077"}],"curies":[{"name":"wp","href":"https:\/\/api.w.org\/{rel}","templated":true}]}}