{"id":22049,"date":"2025-03-14T12:12:30","date_gmt":"2025-03-14T11:12:30","guid":{"rendered":"https:\/\/vrtec-sezana.si\/?p=22049"},"modified":"2025-03-14T12:12:31","modified_gmt":"2025-03-14T11:12:31","slug":"pustno-rajanje-pri-cebelicah-smeh-barve-in-tradicija","status":"publish","type":"post","link":"https:\/\/vrtec-sezana.si\/?p=22049","title":{"rendered":"Pustno rajanje pri \u010cebelicah: \u00a0Smeh, barve in tradicija"},"content":{"rendered":"\n<p>V vrtcu smo tudi letos do\u017eiveli nepozabno pustno rajanje, polno veselja, smeha in barv. Otroci so se prelevili v najrazli\u010dnej\u0161e pustne junake, izdelovali rekvizite, si poslikali obraze in u\u017eivali v \u010darobnem vzdu\u0161ju.<\/p>\n\n\n\n<p>Poseben pe\u010dat na\u0161emu praznovanju so dali \u0160koromati in Kurenti, ki so s svojim glasnim zvonjenjem in tradicionalnimi obla\u010dili pri\u010darali pravo pustno vzdu\u0161je. Otroci so jih ob\u010dudovali in nekateri z veseljem zaplesali ob njihovi spremljavi.<\/p>\n\n\n\n<p>Na pustni torek smo najprej imeli modno revijo, kjer so se otroci ponosno sprehodili in pokazali svoje kostume. Vrhunec praznovanja je bilo rajanje pri va\u0161kem domu z Mali-Bujem. Ob ritmih \u017eivahne glasbe so otroci zaplesali in se veselili v dru\u017ebi prijateljev ter vzgojiteljev. S skupnimi mo\u010dmi smo pregnali zimo in pri\u010dakali pomlad v najbolj pisanem in razigranem slogu.<\/p>\n\n\n\n<p>Pustno rajanje v na\u0161em vrtcu je znova dokazalo, kako pomembna je ohranjanje tradicije in vklju\u010devanje otrok v kulturne obi\u010daje, ki bogatijo njihovo do\u017eivetje sveta.<\/p>\n\n\n\n<p>Besedilo: Martina Hrvatin<\/p>\n\n\n\n<p>Fotografije: Martina Hrvatin<\/p>\n\n\n\n<p><\/p>\n\n\n\n<div class=\"wp-block-buttons is-layout-flex wp-block-buttons-is-layout-flex\">\n<div class=\"wp-block-button\"><a class=\"wp-block-button__link wp-element-button\" href=\"https:\/\/vrtec-sezana.si\/?page_id=22035\">GALERIJA<\/a><\/div>\n<\/div>\n","protected":false},"excerpt":{"rendered":"<p>V vrtcu smo tudi letos do\u017eiveli nepozabno pustno rajanje, polno veselja, smeha in barv. Otroci so se prelevili v najrazli\u010dnej\u0161e pustne junake, izdelovali rekvizite, si poslikali obraze in u\u017eivali v \u010darobnem vzdu\u0161ju. Poseben pe\u010dat na\u0161emu praznovanju so dali \u0160koromati in Kurenti, ki&#8230;<\/p>\n","protected":false},"author":23,"featured_media":22043,"comment_status":"closed","ping_status":"closed","sticky":false,"template":"","format":"standard","meta":{"footnotes":""},"categories":[10],"tags":[],"jetpack_featured_media_url":"https:\/\/vrtec-sezana.si\/wp-content\/uploads\/2025\/03\/Naslovna-slika-pust.jpg","_links":{"self":[{"href":"https:\/\/vrtec-sezana.si\/index.php?rest_route=\/wp\/v2\/posts\/22049"}],"collection":[{"href":"https:\/\/vrtec-sezana.si\/index.php?rest_route=\/wp\/v2\/posts"}],"about":[{"href":"https:\/\/vrtec-sezana.si\/index.php?rest_route=\/wp\/v2\/types\/post"}],"author":[{"embeddable":true,"href":"https:\/\/vrtec-sezana.si\/index.php?rest_route=\/wp\/v2\/users\/23"}],"replies":[{"embeddable":true,"href":"https:\/\/vrtec-sezana.si\/index.php?rest_route=%2Fwp%2Fv2%2Fcomments&post=22049"}],"version-history":[{"count":1,"href":"https:\/\/vrtec-sezana.si\/index.php?rest_route=\/wp\/v2\/posts\/22049\/revisions"}],"predecessor-version":[{"id":22050,"href":"https:\/\/vrtec-sezana.si\/index.php?rest_route=\/wp\/v2\/posts\/22049\/revisions\/22050"}],"wp:featuredmedia":[{"embeddable":true,"href":"https:\/\/vrtec-sezana.si\/index.php?rest_route=\/wp\/v2\/media\/22043"}],"wp:attachment":[{"href":"https:\/\/vrtec-sezana.si\/index.php?rest_route=%2Fwp%2Fv2%2Fmedia&parent=22049"}],"wp:term":[{"taxonomy":"category","embeddable":true,"href":"https:\/\/vrtec-sezana.si\/index.php?rest_route=%2Fwp%2Fv2%2Fcategories&post=22049"},{"taxonomy":"post_tag","embeddable":true,"href":"https:\/\/vrtec-sezana.si\/index.php?rest_route=%2Fwp%2Fv2%2Ftags&post=22049"}],"curies":[{"name":"wp","href":"https:\/\/api.w.org\/{rel}","templated":true}]}}