{"id":22033,"date":"2025-03-14T12:07:25","date_gmt":"2025-03-14T11:07:25","guid":{"rendered":"https:\/\/vrtec-sezana.si\/?p=22033"},"modified":"2025-03-14T12:07:25","modified_gmt":"2025-03-14T11:07:25","slug":"pust-v-skupini-metuljcki","status":"publish","type":"post","link":"https:\/\/vrtec-sezana.si\/?p=22033","title":{"rendered":"Pust v skupini Metulj\u010dki"},"content":{"rendered":"\n<p>Pust je \u010das, ko se z razli\u010dnimi maskami in rajanjem preganja zimo in vabi pomlad. Tako smo se tudi pri Metulj\u010dkih pripravljali na na\u0161 prvi pustni \u010das v vrtcu, ki je bil poln smeha, veselja in barvitih mask.\u00a0\u00a0Obiskali so nas kurenti iz Haloz ter Hru\u0161i\u0161ki \u0161koromati, ki so s svojim poskakovanjem in glasnimi zvonci odganjali zimo. Brez strahu smo jih opazovali in jim na koncu tudi zaploskali.<\/p>\n\n\n\n<p>Na pustni torek so na\u0161o igralnico vstopile najrazli\u010dnej\u0161e ma\u0161kare; srna, pi\u0161\u010dan\u010dek, Mini mi\u0161ka, Spider-Man, roker, Rde\u010da kapica, pikapolonica, \u010debela, koren\u010dek in muca.<\/p>\n\n\n\n<p>Skupaj z otroki iz skupine Je\u017eki smo se zbrali v ve\u010dnamenskem prostoru, kjer smo imeli pravo pustno rajanje ob glasbi in konfetih. Za konec pustnega dneva smo se posladkali s slastnimi krofi. Utrujeni, vendar z nasmehi na obrazih smo zaklju\u010dili dan, ki bo vsem ostal v lepem spominu.&nbsp;<\/p>\n\n\n\n<p>Besedilo: \u0160pela Kmetec Razpor<\/p>\n\n\n\n<p>Fotografije: \u0160pela Kmetec Razpor<\/p>\n\n\n\n<p><\/p>\n\n\n\n<p><\/p>\n\n\n\n<div class=\"wp-block-buttons is-layout-flex wp-block-buttons-is-layout-flex\">\n<div class=\"wp-block-button\"><a class=\"wp-block-button__link wp-element-button\" href=\"https:\/\/vrtec-sezana.si\/?page_id=22010\">GALERIJA<\/a><\/div>\n<\/div>\n","protected":false},"excerpt":{"rendered":"<p>Pust je \u010das, ko se z razli\u010dnimi maskami in rajanjem preganja zimo in vabi pomlad. Tako smo se tudi pri Metulj\u010dkih pripravljali na na\u0161 prvi pustni \u010das v vrtcu, ki je bil poln smeha, veselja in barvitih mask.\u00a0\u00a0Obiskali so nas kurenti iz&#8230;<\/p>\n","protected":false},"author":23,"featured_media":22028,"comment_status":"closed","ping_status":"closed","sticky":false,"template":"","format":"standard","meta":{"footnotes":""},"categories":[10],"tags":[],"jetpack_featured_media_url":"https:\/\/vrtec-sezana.si\/wp-content\/uploads\/2025\/03\/11733541_4807943-1080x675-1.jpg","_links":{"self":[{"href":"https:\/\/vrtec-sezana.si\/index.php?rest_route=\/wp\/v2\/posts\/22033"}],"collection":[{"href":"https:\/\/vrtec-sezana.si\/index.php?rest_route=\/wp\/v2\/posts"}],"about":[{"href":"https:\/\/vrtec-sezana.si\/index.php?rest_route=\/wp\/v2\/types\/post"}],"author":[{"embeddable":true,"href":"https:\/\/vrtec-sezana.si\/index.php?rest_route=\/wp\/v2\/users\/23"}],"replies":[{"embeddable":true,"href":"https:\/\/vrtec-sezana.si\/index.php?rest_route=%2Fwp%2Fv2%2Fcomments&post=22033"}],"version-history":[{"count":1,"href":"https:\/\/vrtec-sezana.si\/index.php?rest_route=\/wp\/v2\/posts\/22033\/revisions"}],"predecessor-version":[{"id":22034,"href":"https:\/\/vrtec-sezana.si\/index.php?rest_route=\/wp\/v2\/posts\/22033\/revisions\/22034"}],"wp:featuredmedia":[{"embeddable":true,"href":"https:\/\/vrtec-sezana.si\/index.php?rest_route=\/wp\/v2\/media\/22028"}],"wp:attachment":[{"href":"https:\/\/vrtec-sezana.si\/index.php?rest_route=%2Fwp%2Fv2%2Fmedia&parent=22033"}],"wp:term":[{"taxonomy":"category","embeddable":true,"href":"https:\/\/vrtec-sezana.si\/index.php?rest_route=%2Fwp%2Fv2%2Fcategories&post=22033"},{"taxonomy":"post_tag","embeddable":true,"href":"https:\/\/vrtec-sezana.si\/index.php?rest_route=%2Fwp%2Fv2%2Ftags&post=22033"}],"curies":[{"name":"wp","href":"https:\/\/api.w.org\/{rel}","templated":true}]}}