{"id":21853,"date":"2025-03-11T13:21:22","date_gmt":"2025-03-11T12:21:22","guid":{"rendered":"https:\/\/vrtec-sezana.si\/?p=21853"},"modified":"2025-03-11T13:23:29","modified_gmt":"2025-03-11T12:23:29","slug":"pust-pri-miskah","status":"publish","type":"post","link":"https:\/\/vrtec-sezana.si\/?p=21853","title":{"rendered":"Pust pri Mi\u0161kah"},"content":{"rendered":"\n<p>Vesela ma\u0161kara<\/p>\n\n\n\n<p>Tra-la-la, tra-la-la je vesela ma\u0161kara,<br>tra-la-la, tra-la-la je vesela ma\u0161kara,<br>tra-la-la, tra-la-la je vesela ma\u0161kara,<br>tra-la-la, tra-la-la je vesela ma\u0161kara.<\/p>\n\n\n\n<p>Ska\u010di, ple\u0161i, vriskaj na ves glas.<br>Za ma\u0161karo je pust najlep\u0161i \u010das.<br>Pustna \u0161ema ska\u010de in nori.<br>Se pustnih krofov glasno veseli.<\/p>\n\n\n\n<p>Tra-la-la, tra-la-la je vesela ma\u0161kara\u2026<\/p>\n\n\n\n<p>V pri\u010dakovanju pusta smo imeli v vrtcu razli\u010dne dejavnosti. Okrasili smo igralnico, izdelovali maske, prepevali pustne pesmi, obla\u010dili razne kostume, barvali obraze in plesali ob glasbi.<br>Na pustni torek v vrtec ni bilo otrok, pri\u0161le so princese, Pika Nogavi\u010dka, dinozaver, \u010debelica, gasilec, zaj\u010dek\u2026 \u017de ob prihodu v vrtec je bilo veselo in nasmejano. Po zajtrku je sledilo pravo pustno rajanje z obilico veselja ter dobre volje. Najprej smo zarajali ob glasbi v vrtcu, nato pa smo se odpravili po vasi. Ob zvokih harmonike smo prepevali in preganjali zimo. Ob vrnitvi v vrtec smo s pustnim rajanjem nadaljevali na vrt\u010devskem igri\u0161\u010du, kjer so ma\u0161kare pele, plesale in se zabavale. Po zabavi je sledilo kosilo s slastnim krofom.<br><\/p>\n\n\n\n<p>Besedilo: Nada Ur\u0161i\u010d<br>Fotografije: Stanka Tratnik<\/p>\n\n\n\n<div class=\"wp-block-buttons is-layout-flex wp-block-buttons-is-layout-flex\">\n<div class=\"wp-block-button\"><a class=\"wp-block-button__link wp-element-button\" href=\"https:\/\/vrtec-sezana.si\/?page_id=21842\">GALERIJA<\/a><\/div>\n\n\n\n\n<\/div>\n","protected":false},"excerpt":{"rendered":"<p>Vesela ma\u0161kara Tra-la-la, tra-la-la je vesela ma\u0161kara,tra-la-la, tra-la-la je vesela ma\u0161kara,tra-la-la, tra-la-la je vesela ma\u0161kara,tra-la-la, tra-la-la je vesela ma\u0161kara. Ska\u010di, ple\u0161i, vriskaj na ves glas.Za ma\u0161karo je pust najlep\u0161i \u010das.Pustna \u0161ema ska\u010de in nori.Se pustnih krofov glasno veseli. Tra-la-la, tra-la-la je vesela&#8230;<\/p>\n","protected":false},"author":26,"featured_media":21856,"comment_status":"closed","ping_status":"closed","sticky":false,"template":"","format":"standard","meta":{"footnotes":""},"categories":[6],"tags":[],"jetpack_featured_media_url":"https:\/\/vrtec-sezana.si\/wp-content\/uploads\/2025\/03\/glavni-blog-3_5ffebc7f468c8_1400xr.webp","_links":{"self":[{"href":"https:\/\/vrtec-sezana.si\/index.php?rest_route=\/wp\/v2\/posts\/21853"}],"collection":[{"href":"https:\/\/vrtec-sezana.si\/index.php?rest_route=\/wp\/v2\/posts"}],"about":[{"href":"https:\/\/vrtec-sezana.si\/index.php?rest_route=\/wp\/v2\/types\/post"}],"author":[{"embeddable":true,"href":"https:\/\/vrtec-sezana.si\/index.php?rest_route=\/wp\/v2\/users\/26"}],"replies":[{"embeddable":true,"href":"https:\/\/vrtec-sezana.si\/index.php?rest_route=%2Fwp%2Fv2%2Fcomments&post=21853"}],"version-history":[{"count":2,"href":"https:\/\/vrtec-sezana.si\/index.php?rest_route=\/wp\/v2\/posts\/21853\/revisions"}],"predecessor-version":[{"id":21855,"href":"https:\/\/vrtec-sezana.si\/index.php?rest_route=\/wp\/v2\/posts\/21853\/revisions\/21855"}],"wp:featuredmedia":[{"embeddable":true,"href":"https:\/\/vrtec-sezana.si\/index.php?rest_route=\/wp\/v2\/media\/21856"}],"wp:attachment":[{"href":"https:\/\/vrtec-sezana.si\/index.php?rest_route=%2Fwp%2Fv2%2Fmedia&parent=21853"}],"wp:term":[{"taxonomy":"category","embeddable":true,"href":"https:\/\/vrtec-sezana.si\/index.php?rest_route=%2Fwp%2Fv2%2Fcategories&post=21853"},{"taxonomy":"post_tag","embeddable":true,"href":"https:\/\/vrtec-sezana.si\/index.php?rest_route=%2Fwp%2Fv2%2Ftags&post=21853"}],"curies":[{"name":"wp","href":"https:\/\/api.w.org\/{rel}","templated":true}]}}