{"id":21808,"date":"2025-03-10T14:45:12","date_gmt":"2025-03-10T13:45:12","guid":{"rendered":"https:\/\/vrtec-sezana.si\/?p=21808"},"modified":"2025-03-10T14:45:13","modified_gmt":"2025-03-10T13:45:13","slug":"pust-pust-sirokih-ust","status":"publish","type":"post","link":"https:\/\/vrtec-sezana.si\/?p=21808","title":{"rendered":"Pust, pust, \u0161irokih ust"},"content":{"rendered":"\n<p>V skupini Pandice smo leto\u0161nji pust praznovali na prav poseben na\u010din \u2013 z veliko smeha in veselja! \u017de pred po\u010ditnicami smo pridno ustvarjali in iz krep papirja izdelali maske kurentov, ki so krasile na\u0161o igralnico ter poskrbele za pravo pustno vzdu\u0161je. Veliko smo posegali po razli\u010dnih obla\u010dilih, dodatkih ter pustnih kostumih. Dnevno smo imeli poslikave obrazov, s katerimi smo otroke spremenili v prave pravlji\u010dne junake.<\/p>\n\n\n\n<p>V predpustem \u010dasu so nas obiskali tudi kurenti iz Haloz ter Hru\u0161i\u0161ki \u0161koromati, ki so s svojimi glasnimi zvonci in posko\u010dnim plesom odganjali zimo. Brez strahu in velikimi nasme\u0161ki na obrazu smo se jim pridru\u017eili pri rajanju.<\/p>\n\n\n\n<p>Vrhunec praznovanja je bil prav na pustni torek, ko smo imeli rajanje v pustnih obla\u010dilih pred va\u0161kim domom. Zabaval nas je Mali Bu. Ob petju, plesu in slastnih krofih smo pre\u017eiveli nepozaben dan, poln smeha in zabave. Pustni torek je bil res nekaj posebnega, zato \u017ee komaj \u010dakamo, da se pust vrne prihodnje leto!<\/p>\n\n\n\n<p>Besedilo: Noel \u0160i\u0161kovi\u010d<\/p>\n\n\n\n<p>Fotografije: arhiv oddelka<\/p>\n\n\n\n<p><\/p>\n\n\n\n<div class=\"wp-block-buttons is-layout-flex wp-block-buttons-is-layout-flex\">\n<div class=\"wp-block-button\"><a class=\"wp-block-button__link wp-element-button\" href=\"https:\/\/vrtec-sezana.si\/?page_id=21783\">GALERIJA<\/a><\/div>\n<\/div>\n","protected":false},"excerpt":{"rendered":"<p>V skupini Pandice smo leto\u0161nji pust praznovali na prav poseben na\u010din \u2013 z veliko smeha in veselja! \u017de pred po\u010ditnicami smo pridno ustvarjali in iz krep papirja izdelali maske kurentov, ki so krasile na\u0161o igralnico ter poskrbele za pravo pustno vzdu\u0161je. Veliko&#8230;<\/p>\n","protected":false},"author":35,"featured_media":21784,"comment_status":"closed","ping_status":"closed","sticky":false,"template":"","format":"standard","meta":{"footnotes":""},"categories":[10],"tags":[],"jetpack_featured_media_url":"https:\/\/vrtec-sezana.si\/wp-content\/uploads\/2025\/03\/20250219_115028-scaled.jpg","_links":{"self":[{"href":"https:\/\/vrtec-sezana.si\/index.php?rest_route=\/wp\/v2\/posts\/21808"}],"collection":[{"href":"https:\/\/vrtec-sezana.si\/index.php?rest_route=\/wp\/v2\/posts"}],"about":[{"href":"https:\/\/vrtec-sezana.si\/index.php?rest_route=\/wp\/v2\/types\/post"}],"author":[{"embeddable":true,"href":"https:\/\/vrtec-sezana.si\/index.php?rest_route=\/wp\/v2\/users\/35"}],"replies":[{"embeddable":true,"href":"https:\/\/vrtec-sezana.si\/index.php?rest_route=%2Fwp%2Fv2%2Fcomments&post=21808"}],"version-history":[{"count":1,"href":"https:\/\/vrtec-sezana.si\/index.php?rest_route=\/wp\/v2\/posts\/21808\/revisions"}],"predecessor-version":[{"id":21809,"href":"https:\/\/vrtec-sezana.si\/index.php?rest_route=\/wp\/v2\/posts\/21808\/revisions\/21809"}],"wp:featuredmedia":[{"embeddable":true,"href":"https:\/\/vrtec-sezana.si\/index.php?rest_route=\/wp\/v2\/media\/21784"}],"wp:attachment":[{"href":"https:\/\/vrtec-sezana.si\/index.php?rest_route=%2Fwp%2Fv2%2Fmedia&parent=21808"}],"wp:term":[{"taxonomy":"category","embeddable":true,"href":"https:\/\/vrtec-sezana.si\/index.php?rest_route=%2Fwp%2Fv2%2Fcategories&post=21808"},{"taxonomy":"post_tag","embeddable":true,"href":"https:\/\/vrtec-sezana.si\/index.php?rest_route=%2Fwp%2Fv2%2Ftags&post=21808"}],"curies":[{"name":"wp","href":"https:\/\/api.w.org\/{rel}","templated":true}]}}