{"id":21762,"date":"2025-03-09T20:59:23","date_gmt":"2025-03-09T19:59:23","guid":{"rendered":"https:\/\/vrtec-sezana.si\/?p=21762"},"modified":"2025-03-09T20:59:23","modified_gmt":"2025-03-09T19:59:23","slug":"projekt-sopek-za-babico","status":"publish","type":"post","link":"https:\/\/vrtec-sezana.si\/?p=21762","title":{"rendered":"Projekt &#8220;\u0160opek za babico&#8221;"},"content":{"rendered":"\n<p>V mesecu januarju smo prejeli vabilo za sodelovanje v projektu \u00bb\u0160opek za babico\u00ab. Projekt organizira sredi\u0161\u010de Rotunda v sodelovanju s Parkom Istra, Zavodom Dobra pot in Zavodom Sopotniki v okviru konzorcija &#8220;P-AOS: Prostovoljci &#8211; aktivni oblikovalci skupnosti&#8221;. Namen projekta je ob 8. marcu \u2013 mednarodnem dnevu \u017eena\u00a0 razveseliti babice s Krasa, Brkinov in Istre ter jim polep\u0161ati prazni\u010dni dan z majhnimi, a sr\u010dnimi darilci, ki nastanejo izpod otro\u0161kih rok.<\/p>\n\n\n\n<p>Projektu smo se z veseljem pridru\u017eile vse skupine. In nastale so \u010dudovite vo\u0161\u010dilnice in izdelki, ki so jih otroci naredili z veliko ljubezni. Tem smo dodali tudi osebna posvetila s katerimi upamo, da smo vse babice razveselili in jim polep\u0161ali njihov prazni\u010dni dan.<\/p>\n\n\n\n<p>Besedilo: Nada Ma\u010dinkovi\u0107<\/p>\n\n\n\n<p>Fotografije: arhiv enote<\/p>\n\n\n\n<p><\/p>\n\n\n\n<div class=\"wp-block-buttons is-layout-flex wp-block-buttons-is-layout-flex\">\n<div class=\"wp-block-button\"><a class=\"wp-block-button__link wp-element-button\" href=\"https:\/\/vrtec-sezana.si\/?page_id=21747\">GALERIJA<\/a><\/div>\n<\/div>\n","protected":false},"excerpt":{"rendered":"<p>V mesecu januarju smo prejeli vabilo za sodelovanje v projektu \u00bb\u0160opek za babico\u00ab. Projekt organizira sredi\u0161\u010de Rotunda v sodelovanju s Parkom Istra, Zavodom Dobra pot in Zavodom Sopotniki v okviru konzorcija &#8220;P-AOS: Prostovoljci &#8211; aktivni oblikovalci skupnosti&#8221;. Namen projekta je ob 8&#8230;.<\/p>\n","protected":false},"author":23,"featured_media":21760,"comment_status":"closed","ping_status":"closed","sticky":false,"template":"","format":"standard","meta":{"footnotes":""},"categories":[10],"tags":[],"jetpack_featured_media_url":"https:\/\/vrtec-sezana.si\/wp-content\/uploads\/2025\/03\/20250220_093558-scaled.jpg","_links":{"self":[{"href":"https:\/\/vrtec-sezana.si\/index.php?rest_route=\/wp\/v2\/posts\/21762"}],"collection":[{"href":"https:\/\/vrtec-sezana.si\/index.php?rest_route=\/wp\/v2\/posts"}],"about":[{"href":"https:\/\/vrtec-sezana.si\/index.php?rest_route=\/wp\/v2\/types\/post"}],"author":[{"embeddable":true,"href":"https:\/\/vrtec-sezana.si\/index.php?rest_route=\/wp\/v2\/users\/23"}],"replies":[{"embeddable":true,"href":"https:\/\/vrtec-sezana.si\/index.php?rest_route=%2Fwp%2Fv2%2Fcomments&post=21762"}],"version-history":[{"count":1,"href":"https:\/\/vrtec-sezana.si\/index.php?rest_route=\/wp\/v2\/posts\/21762\/revisions"}],"predecessor-version":[{"id":21763,"href":"https:\/\/vrtec-sezana.si\/index.php?rest_route=\/wp\/v2\/posts\/21762\/revisions\/21763"}],"wp:featuredmedia":[{"embeddable":true,"href":"https:\/\/vrtec-sezana.si\/index.php?rest_route=\/wp\/v2\/media\/21760"}],"wp:attachment":[{"href":"https:\/\/vrtec-sezana.si\/index.php?rest_route=%2Fwp%2Fv2%2Fmedia&parent=21762"}],"wp:term":[{"taxonomy":"category","embeddable":true,"href":"https:\/\/vrtec-sezana.si\/index.php?rest_route=%2Fwp%2Fv2%2Fcategories&post=21762"},{"taxonomy":"post_tag","embeddable":true,"href":"https:\/\/vrtec-sezana.si\/index.php?rest_route=%2Fwp%2Fv2%2Ftags&post=21762"}],"curies":[{"name":"wp","href":"https:\/\/api.w.org\/{rel}","templated":true}]}}