{"id":21678,"date":"2025-03-08T15:08:28","date_gmt":"2025-03-08T14:08:28","guid":{"rendered":"https:\/\/vrtec-sezana.si\/?p=21678"},"modified":"2025-03-08T15:08:29","modified_gmt":"2025-03-08T14:08:29","slug":"pustni-cas-v-skupini-papagajcki","status":"publish","type":"post","link":"https:\/\/vrtec-sezana.si\/?p=21678","title":{"rendered":"Pustni \u010das v skupini Papagaj\u010dki"},"content":{"rendered":"\n<p>Pust je za otroke eden izmed najbolj zanimivih obi\u010dajev. Pri Papagaj\u010dkih smo pri\u010deli s pustnimi aktivnostmi \u017ee pred po\u010ditnicami. Otroci so se zelo radi preobla\u010dili v najrazli\u010dnej\u0161e kostume ter se opazovali v ogledalu. Sami so si izdelali tudi maske, na\u0161e klovne pa smo odnesli na razstavo v Kosovelovo knji\u017enico v Diva\u010di. Prebrali smo pravljico Piki se \u0161emi (E. Hill) ter se nau\u010dili novo pesmico Pustni \u010das (A. Toma\u017ei\u010d Hrvatin), ki so jo otroci zelo radi prepevali. Najve\u010dje veselje pa je bilo seveda na pustni torek, ko so v na\u0161o igralnico stopile najrazli\u010dnej\u0161e ma\u0161kare. Imeli smo pravo pustno rajanje, z otroki iz drugih skupin pa smo se odpravili na skupno povorko do ob\u010dinske stavbe ter se nato \u0161e malo sprehodili naokoli. V tem \u010dasu smo praznovali tudi 3 rojstne dneve, za mame pa smo ob dnevu \u017eena izdelali vo\u0161\u010dilnice.<\/p>\n\n\n\n<p>Besedilo in fotografije: Andreja Brezovec<\/p>\n\n\n\n<p><\/p>\n\n\n\n<p><\/p>\n\n\n\n<div class=\"wp-block-buttons is-layout-flex wp-block-buttons-is-layout-flex\">\n<div class=\"wp-block-button\"><a class=\"wp-block-button__link wp-element-button\" href=\"https:\/\/vrtec-sezana.si\/?page_id=21655\">GALERIJA<\/a><\/div>\n<\/div>\n","protected":false},"excerpt":{"rendered":"<p>Pust je za otroke eden izmed najbolj zanimivih obi\u010dajev. Pri Papagaj\u010dkih smo pri\u010deli s pustnimi aktivnostmi \u017ee pred po\u010ditnicami. Otroci so se zelo radi preobla\u010dili v najrazli\u010dnej\u0161e kostume ter se opazovali v ogledalu. Sami so si izdelali tudi maske, na\u0161e klovne pa&#8230;<\/p>\n","protected":false},"author":36,"featured_media":21676,"comment_status":"closed","ping_status":"closed","sticky":false,"template":"","format":"standard","meta":{"footnotes":""},"categories":[9],"tags":[],"jetpack_featured_media_url":"https:\/\/vrtec-sezana.si\/wp-content\/uploads\/2025\/03\/naslovna-1.jpg","_links":{"self":[{"href":"https:\/\/vrtec-sezana.si\/index.php?rest_route=\/wp\/v2\/posts\/21678"}],"collection":[{"href":"https:\/\/vrtec-sezana.si\/index.php?rest_route=\/wp\/v2\/posts"}],"about":[{"href":"https:\/\/vrtec-sezana.si\/index.php?rest_route=\/wp\/v2\/types\/post"}],"author":[{"embeddable":true,"href":"https:\/\/vrtec-sezana.si\/index.php?rest_route=\/wp\/v2\/users\/36"}],"replies":[{"embeddable":true,"href":"https:\/\/vrtec-sezana.si\/index.php?rest_route=%2Fwp%2Fv2%2Fcomments&post=21678"}],"version-history":[{"count":1,"href":"https:\/\/vrtec-sezana.si\/index.php?rest_route=\/wp\/v2\/posts\/21678\/revisions"}],"predecessor-version":[{"id":21679,"href":"https:\/\/vrtec-sezana.si\/index.php?rest_route=\/wp\/v2\/posts\/21678\/revisions\/21679"}],"wp:featuredmedia":[{"embeddable":true,"href":"https:\/\/vrtec-sezana.si\/index.php?rest_route=\/wp\/v2\/media\/21676"}],"wp:attachment":[{"href":"https:\/\/vrtec-sezana.si\/index.php?rest_route=%2Fwp%2Fv2%2Fmedia&parent=21678"}],"wp:term":[{"taxonomy":"category","embeddable":true,"href":"https:\/\/vrtec-sezana.si\/index.php?rest_route=%2Fwp%2Fv2%2Fcategories&post=21678"},{"taxonomy":"post_tag","embeddable":true,"href":"https:\/\/vrtec-sezana.si\/index.php?rest_route=%2Fwp%2Fv2%2Ftags&post=21678"}],"curies":[{"name":"wp","href":"https:\/\/api.w.org\/{rel}","templated":true}]}}