{"id":21649,"date":"2025-03-07T12:39:17","date_gmt":"2025-03-07T11:39:17","guid":{"rendered":"https:\/\/vrtec-sezana.si\/?p=21649"},"modified":"2025-03-07T12:39:17","modified_gmt":"2025-03-07T11:39:17","slug":"kultura-v-nasem-vrtcu","status":"publish","type":"post","link":"https:\/\/vrtec-sezana.si\/?p=21649","title":{"rendered":"Kultura v na\u0161em vrtcu"},"content":{"rendered":"\n<p>Tudi v na\u0161em vrtcu smo obele\u017eili slovenski kulturni praznik, Pre\u0161ernov dan, ki ga v na\u0161i domovini praznujemo 8. februarja. Otroci so spoznali, kaj je kultura, kdo so ustvarjalci kulture in tudi obi\u010daje, ki oblikujejo kulturo na\u0161ega naroda.<\/p>\n\n\n\n<p>V skupinah smo se z otroki pogovarjali o na\u0161em najve\u010djem pesniku dr. Francetu Pre\u0161ernu in se u\u010dili bontona pri poslu\u0161anju slovenske himne. Ogledali in prisluhnili smo kami\u0161ibaj zgodbi na\u0161e knji\u017eni\u010darke Patricije Dodi\u010d. Otroci so tudi zapeli s Polono Prosen, u\u010diteljico iz Glasbene \u0161ole Se\u017eana. Risali smo portret Pre\u0161erna, si ogledali dramatizacijo Pod medvedovim de\u017enikom ter gostili \u010disto prave Kurente, ki so tudi del na\u0161e kulture.&nbsp;<\/p>\n\n\n\n<p>Kultura \u017eivi med nami, je del nas. Jo izra\u017eamo, do\u017eivljamo in obenem prejemamo. Negujmo in razvijajmo to pomembno \u017eivljenjsko vrednoto.<\/p>\n\n\n\n<p>Besedilo: Erna Fabjan\u010di\u010d<\/p>\n\n\n\n<p>Fotografije: arhiv enote<\/p>\n\n\n\n<p><\/p>\n\n\n\n<div class=\"wp-block-buttons is-layout-flex wp-block-buttons-is-layout-flex\">\n<div class=\"wp-block-button\"><a class=\"wp-block-button__link wp-element-button\" href=\"https:\/\/vrtec-sezana.si\/?page_id=21645\">GALERIJA<\/a><\/div>\n<\/div>\n","protected":false},"excerpt":{"rendered":"<p>Tudi v na\u0161em vrtcu smo obele\u017eili slovenski kulturni praznik, Pre\u0161ernov dan, ki ga v na\u0161i domovini praznujemo 8. februarja. Otroci so spoznali, kaj je kultura, kdo so ustvarjalci kulture in tudi obi\u010daje, ki oblikujejo kulturo na\u0161ega naroda. V skupinah smo se z&#8230;<\/p>\n","protected":false},"author":35,"featured_media":21647,"comment_status":"closed","ping_status":"closed","sticky":false,"template":"","format":"standard","meta":{"footnotes":""},"categories":[10],"tags":[],"jetpack_featured_media_url":"https:\/\/vrtec-sezana.si\/wp-content\/uploads\/2025\/03\/20250206_074143-scaled.jpg","_links":{"self":[{"href":"https:\/\/vrtec-sezana.si\/index.php?rest_route=\/wp\/v2\/posts\/21649"}],"collection":[{"href":"https:\/\/vrtec-sezana.si\/index.php?rest_route=\/wp\/v2\/posts"}],"about":[{"href":"https:\/\/vrtec-sezana.si\/index.php?rest_route=\/wp\/v2\/types\/post"}],"author":[{"embeddable":true,"href":"https:\/\/vrtec-sezana.si\/index.php?rest_route=\/wp\/v2\/users\/35"}],"replies":[{"embeddable":true,"href":"https:\/\/vrtec-sezana.si\/index.php?rest_route=%2Fwp%2Fv2%2Fcomments&post=21649"}],"version-history":[{"count":1,"href":"https:\/\/vrtec-sezana.si\/index.php?rest_route=\/wp\/v2\/posts\/21649\/revisions"}],"predecessor-version":[{"id":21650,"href":"https:\/\/vrtec-sezana.si\/index.php?rest_route=\/wp\/v2\/posts\/21649\/revisions\/21650"}],"wp:featuredmedia":[{"embeddable":true,"href":"https:\/\/vrtec-sezana.si\/index.php?rest_route=\/wp\/v2\/media\/21647"}],"wp:attachment":[{"href":"https:\/\/vrtec-sezana.si\/index.php?rest_route=%2Fwp%2Fv2%2Fmedia&parent=21649"}],"wp:term":[{"taxonomy":"category","embeddable":true,"href":"https:\/\/vrtec-sezana.si\/index.php?rest_route=%2Fwp%2Fv2%2Fcategories&post=21649"},{"taxonomy":"post_tag","embeddable":true,"href":"https:\/\/vrtec-sezana.si\/index.php?rest_route=%2Fwp%2Fv2%2Ftags&post=21649"}],"curies":[{"name":"wp","href":"https:\/\/api.w.org\/{rel}","templated":true}]}}