{"id":21643,"date":"2025-03-07T12:35:25","date_gmt":"2025-03-07T11:35:25","guid":{"rendered":"https:\/\/vrtec-sezana.si\/?p=21643"},"modified":"2025-03-07T12:35:26","modified_gmt":"2025-03-07T11:35:26","slug":"mili-glas-in-kvackane-igrace","status":"publish","type":"post","link":"https:\/\/vrtec-sezana.si\/?p=21643","title":{"rendered":"Mili glas in kva\u010dkane igra\u010de"},"content":{"rendered":"\n<p>Ker zelo radi sodelujemo s krajevno knji\u017enico na Kozini, smo se tudi tokrat z veseljem odzvali na prijazno povabilo. Tokrat na zaklju\u010dek razstave gospe Lejle Kolman Batagelj, ki je bila namenjena prav otrokom.<\/p>\n\n\n\n<p>\u010cudovite kva\u010dkane igra\u010de za najne\u017enej\u0161a bitja \u2013 kot pravi Lejla, so nas \u010disto prevzele. Njihova mehkoba odra\u017ea tenko\u010dutnost, subtilnost, ki jo otrok ob dotiku za\u010duti. Do potankosti in drobnih detajlov izdelane kva\u010dkane igra\u010de imajo vsaka svojo zgodbo in sporo\u010dila, ki stremijo k trajnostni naravnanosti.<\/p>\n\n\n\n<p>Ne\u017eni glas pripovedovalke &nbsp;je otroke popeljal v svet pravljic. Umirjeni in zbrani pri poslu\u0161anju so odtavali v domi\u0161ljijo in z veseljem prisluhnili \u0161e eni njeni zgodbi&#8230; V veselje nam je bilo, da smo ob poslu\u0161anju zgodbic imeli prilo\u017enost spoznati kva\u010dkane igra\u010de, ki jih lahko izdelamo doma.<\/p>\n\n\n\n<p>Morda pa bo neko\u010d eden od otrok nadaljeval s tradicijo kva\u010dkanja in ohranil na\u0161o kulturno dedi\u0161\u010dino. Kot ste omenili, pal\u010dke so lahko tudi \u010darobne\u2026<\/p>\n\n\n\n<p>Besedilo: Erna Fabjan\u010di\u010d<\/p>\n\n\n\n<p>Fotografije: arhiv enote<\/p>\n\n\n\n<p><\/p>\n\n\n\n<div class=\"wp-block-buttons is-layout-flex wp-block-buttons-is-layout-flex\">\n<div class=\"wp-block-button\"><a class=\"wp-block-button__link wp-element-button\" href=\"https:\/\/vrtec-sezana.si\/?page_id=21620\">GALERIJA<\/a><\/div>\n<\/div>\n","protected":false},"excerpt":{"rendered":"<p>Ker zelo radi sodelujemo s krajevno knji\u017enico na Kozini, smo se tudi tokrat z veseljem odzvali na prijazno povabilo. Tokrat na zaklju\u010dek razstave gospe Lejle Kolman Batagelj, ki je bila namenjena prav otrokom. \u010cudovite kva\u010dkane igra\u010de za najne\u017enej\u0161a bitja \u2013 kot pravi&#8230;<\/p>\n","protected":false},"author":35,"featured_media":21639,"comment_status":"closed","ping_status":"closed","sticky":false,"template":"","format":"standard","meta":{"footnotes":""},"categories":[10],"tags":[],"jetpack_featured_media_url":"https:\/\/vrtec-sezana.si\/wp-content\/uploads\/2025\/03\/naslovna-slika-scaled.jpg","_links":{"self":[{"href":"https:\/\/vrtec-sezana.si\/index.php?rest_route=\/wp\/v2\/posts\/21643"}],"collection":[{"href":"https:\/\/vrtec-sezana.si\/index.php?rest_route=\/wp\/v2\/posts"}],"about":[{"href":"https:\/\/vrtec-sezana.si\/index.php?rest_route=\/wp\/v2\/types\/post"}],"author":[{"embeddable":true,"href":"https:\/\/vrtec-sezana.si\/index.php?rest_route=\/wp\/v2\/users\/35"}],"replies":[{"embeddable":true,"href":"https:\/\/vrtec-sezana.si\/index.php?rest_route=%2Fwp%2Fv2%2Fcomments&post=21643"}],"version-history":[{"count":1,"href":"https:\/\/vrtec-sezana.si\/index.php?rest_route=\/wp\/v2\/posts\/21643\/revisions"}],"predecessor-version":[{"id":21644,"href":"https:\/\/vrtec-sezana.si\/index.php?rest_route=\/wp\/v2\/posts\/21643\/revisions\/21644"}],"wp:featuredmedia":[{"embeddable":true,"href":"https:\/\/vrtec-sezana.si\/index.php?rest_route=\/wp\/v2\/media\/21639"}],"wp:attachment":[{"href":"https:\/\/vrtec-sezana.si\/index.php?rest_route=%2Fwp%2Fv2%2Fmedia&parent=21643"}],"wp:term":[{"taxonomy":"category","embeddable":true,"href":"https:\/\/vrtec-sezana.si\/index.php?rest_route=%2Fwp%2Fv2%2Fcategories&post=21643"},{"taxonomy":"post_tag","embeddable":true,"href":"https:\/\/vrtec-sezana.si\/index.php?rest_route=%2Fwp%2Fv2%2Ftags&post=21643"}],"curies":[{"name":"wp","href":"https:\/\/api.w.org\/{rel}","templated":true}]}}