{"id":21614,"date":"2025-03-05T19:47:06","date_gmt":"2025-03-05T18:47:06","guid":{"rendered":"https:\/\/vrtec-sezana.si\/?p=21614"},"modified":"2025-03-05T19:47:06","modified_gmt":"2025-03-05T18:47:06","slug":"tralala-pustne-smo-seme-2","status":"publish","type":"post","link":"https:\/\/vrtec-sezana.si\/?p=21614","title":{"rendered":"Tralala pustne smo \u0161eme"},"content":{"rendered":"\n<p>Letos smo v skupini Ku\u017eki izdelovali pustne maske, poslikali obraz in lase s pustnimi barvami, maskarami, razpr\u0161ili, prepevali pustne pesmi in se fotografirali. Na pustni torek so v vrtec prihajali indijanci, vojaki, kuharji, dobre vile, \u010darovnice, pikapolonice, junaki iz risank. Rajali smo na plo\u0161\u010dadi pred Domom upokojencev s harmonikarjem in se predstavili na modni reviji. Potem&nbsp; smo se pridru\u017eili skupinam Metulji, Flamingi, \u017dirafe in se sprehodili po mestu. V vrtec smo se vrnili prijetno utrujeni in la\u010dni. Za kosilo smo se posladkali s sladkimi in slastnimi krofi.<\/p>\n\n\n\n<p>Otroci se \u017ee veselijo naslednjega pusta, ko se ponovno na\u0161emimo in ponovimo to nepozabno, razigrano in smeha polno dogodiv\u0161\u010dino.<\/p>\n\n\n\n<p>Besedilo: Katja Po\u017ear<\/p>\n\n\n\n<p><\/p>\n\n\n\n<p><\/p>\n\n\n\n<p><\/p>\n\n\n\n<div class=\"wp-block-buttons is-layout-flex wp-block-buttons-is-layout-flex\">\n<div class=\"wp-block-button\"><a class=\"wp-block-button__link wp-element-button\" href=\"https:\/\/vrtec-sezana.si\/?p=21603\">GALERIJA<\/a><\/div>\n<\/div>\n","protected":false},"excerpt":{"rendered":"<p>Letos smo v skupini Ku\u017eki izdelovali pustne maske, poslikali obraz in lase s pustnimi barvami, maskarami, razpr\u0161ili, prepevali pustne pesmi in se fotografirali. Na pustni torek so v vrtec prihajali indijanci, vojaki, kuharji, dobre vile, \u010darovnice, pikapolonice, junaki iz risank. Rajali smo&#8230;<\/p>\n","protected":false},"author":21,"featured_media":21616,"comment_status":"closed","ping_status":"closed","sticky":false,"template":"","format":"standard","meta":{"footnotes":""},"categories":[8],"tags":[],"jetpack_featured_media_url":"https:\/\/vrtec-sezana.si\/wp-content\/uploads\/2025\/03\/15.webp","_links":{"self":[{"href":"https:\/\/vrtec-sezana.si\/index.php?rest_route=\/wp\/v2\/posts\/21614"}],"collection":[{"href":"https:\/\/vrtec-sezana.si\/index.php?rest_route=\/wp\/v2\/posts"}],"about":[{"href":"https:\/\/vrtec-sezana.si\/index.php?rest_route=\/wp\/v2\/types\/post"}],"author":[{"embeddable":true,"href":"https:\/\/vrtec-sezana.si\/index.php?rest_route=\/wp\/v2\/users\/21"}],"replies":[{"embeddable":true,"href":"https:\/\/vrtec-sezana.si\/index.php?rest_route=%2Fwp%2Fv2%2Fcomments&post=21614"}],"version-history":[{"count":1,"href":"https:\/\/vrtec-sezana.si\/index.php?rest_route=\/wp\/v2\/posts\/21614\/revisions"}],"predecessor-version":[{"id":21617,"href":"https:\/\/vrtec-sezana.si\/index.php?rest_route=\/wp\/v2\/posts\/21614\/revisions\/21617"}],"wp:featuredmedia":[{"embeddable":true,"href":"https:\/\/vrtec-sezana.si\/index.php?rest_route=\/wp\/v2\/media\/21616"}],"wp:attachment":[{"href":"https:\/\/vrtec-sezana.si\/index.php?rest_route=%2Fwp%2Fv2%2Fmedia&parent=21614"}],"wp:term":[{"taxonomy":"category","embeddable":true,"href":"https:\/\/vrtec-sezana.si\/index.php?rest_route=%2Fwp%2Fv2%2Fcategories&post=21614"},{"taxonomy":"post_tag","embeddable":true,"href":"https:\/\/vrtec-sezana.si\/index.php?rest_route=%2Fwp%2Fv2%2Ftags&post=21614"}],"curies":[{"name":"wp","href":"https:\/\/api.w.org\/{rel}","templated":true}]}}