{"id":21498,"date":"2025-03-05T07:24:59","date_gmt":"2025-03-05T06:24:59","guid":{"rendered":"https:\/\/vrtec-sezana.si\/?p=21498"},"modified":"2025-03-05T07:24:59","modified_gmt":"2025-03-05T06:24:59","slug":"pustni-torek-v-vrtcu-materija","status":"publish","type":"post","link":"https:\/\/vrtec-sezana.si\/?p=21498","title":{"rendered":"Pustni torek v vrtcu Materija"},"content":{"rendered":"\n<p>Pust je eden najbolj veselih in nor\u010davih praznikov v letu, ki ga otroci \u0161e posebej nestrpno pri\u010dakujejo. To je \u010das \u0161emljenja, rajanja in sladkih dobrot. Pust ima v Sloveniji bogato tradicijo, saj simbolizira odganjanje zime in klicanje pomladi. Po starem verovanju velja, da bo letina obilna, \u010de je pust masten in vesel.<\/p>\n\n\n\n<p>Otroci, v pred\u0161olskem obdobju, do\u017eivljajo pust zelo intenzivno. Mlaj\u0161i otroci se morda \u0161e ne zavedajo simbolike praznika, a jih vseeno navdu\u0161ijo barvite maske in kostumi. Pogosto so o\u010darani nad svetom domi\u0161ljije, ki jim pust omogo\u010da, zato se radi prelevijo v svoje najljub\u0161e junake. Starej\u0161i otroci \u017ee bolj razumejo pomen pusta in u\u017eivajo v pripravah, ustvarjanju mask ter v pustnih vragolijah.<\/p>\n\n\n\n<p>V vrtcu Materija smo letos ponovno praznovali pustni torek na prav poseben na\u010din. Otroci in vzgojitelji smo se na\u0161emili v barvite in ustvarjalne kostume ter pre\u017eiveli dan v veselju in rajanju. Med priljubljenimi pustnimi preobrazbami so bile \u017eivali (pikapolonica, metulj, jelen\u010dek, dinozaver, zebra, panda, tiger, muce), pravlji\u010dni junaki (princesa teme, pujsa Pepa, spiderman, sonic, pirat, vila, Sila, Shark, Unicorn, nin\u017ea, indijanec) in poklici (gasilci, policaj). Otro\u0161ka domi\u0161ljija pri izbiri pustnih preoblek ne pozna meja, zato so vsako leto maske izjemno raznolike.<\/p>\n\n\n\n<p>Poseben \u010dar prazniku je dodal Radio Capris, ki nam je prinesel okusne Mlinotestove krofe, s katerimi smo se sladkali. Za konec pustnega dne smo se odpravili \u0161e na povorko skozi vas Pov\u017eane, kjer smo z glasnim rajanjem in petjem poskrbeli, da bo pomlad kmalu pri\u0161la.<\/p>\n\n\n\n<p>Pustni torek v vrtcu Materija je bil tako poln smeha, zabave in sladkih trenutkov, ki jih bomo \u0161e dolgo ohranili v lepem spominu.<\/p>\n\n\n\n<p>Besedilo: Marjeta Prunk Sluga<\/p>\n\n\n\n<p>Fotografije: Karmen Petrovi\u010d<\/p>\n\n\n\n<div class=\"wp-block-buttons is-layout-flex wp-block-buttons-is-layout-flex\">\n<div class=\"wp-block-button\"><a class=\"wp-block-button__link wp-element-button\" href=\"https:\/\/vrtec-sezana.si\/?page_id=21481\">GALERIJA<\/a><\/div>\n<\/div>\n","protected":false},"excerpt":{"rendered":"<p>Pust je eden najbolj veselih in nor\u010davih praznikov v letu, ki ga otroci \u0161e posebej nestrpno pri\u010dakujejo. To je \u010das \u0161emljenja, rajanja in sladkih dobrot. Pust ima v Sloveniji bogato tradicijo, saj simbolizira odganjanje zime in klicanje pomladi. Po starem verovanju velja,&#8230;<\/p>\n","protected":false},"author":11,"featured_media":21488,"comment_status":"closed","ping_status":"closed","sticky":false,"template":"","format":"standard","meta":{"footnotes":""},"categories":[16],"tags":[],"jetpack_featured_media_url":"https:\/\/vrtec-sezana.si\/wp-content\/uploads\/2025\/03\/Messenger_creation_9F0D80B3-A9EA-4797-9341-26A0467B3A4D.jpeg","_links":{"self":[{"href":"https:\/\/vrtec-sezana.si\/index.php?rest_route=\/wp\/v2\/posts\/21498"}],"collection":[{"href":"https:\/\/vrtec-sezana.si\/index.php?rest_route=\/wp\/v2\/posts"}],"about":[{"href":"https:\/\/vrtec-sezana.si\/index.php?rest_route=\/wp\/v2\/types\/post"}],"author":[{"embeddable":true,"href":"https:\/\/vrtec-sezana.si\/index.php?rest_route=\/wp\/v2\/users\/11"}],"replies":[{"embeddable":true,"href":"https:\/\/vrtec-sezana.si\/index.php?rest_route=%2Fwp%2Fv2%2Fcomments&post=21498"}],"version-history":[{"count":1,"href":"https:\/\/vrtec-sezana.si\/index.php?rest_route=\/wp\/v2\/posts\/21498\/revisions"}],"predecessor-version":[{"id":21499,"href":"https:\/\/vrtec-sezana.si\/index.php?rest_route=\/wp\/v2\/posts\/21498\/revisions\/21499"}],"wp:featuredmedia":[{"embeddable":true,"href":"https:\/\/vrtec-sezana.si\/index.php?rest_route=\/wp\/v2\/media\/21488"}],"wp:attachment":[{"href":"https:\/\/vrtec-sezana.si\/index.php?rest_route=%2Fwp%2Fv2%2Fmedia&parent=21498"}],"wp:term":[{"taxonomy":"category","embeddable":true,"href":"https:\/\/vrtec-sezana.si\/index.php?rest_route=%2Fwp%2Fv2%2Fcategories&post=21498"},{"taxonomy":"post_tag","embeddable":true,"href":"https:\/\/vrtec-sezana.si\/index.php?rest_route=%2Fwp%2Fv2%2Ftags&post=21498"}],"curies":[{"name":"wp","href":"https:\/\/api.w.org\/{rel}","templated":true}]}}