{"id":21447,"date":"2025-03-04T13:24:17","date_gmt":"2025-03-04T12:24:17","guid":{"rendered":"https:\/\/vrtec-sezana.si\/?p=21447"},"modified":"2025-03-22T19:43:16","modified_gmt":"2025-03-22T18:43:16","slug":"nas-prvi-pust-v-vrtcu","status":"publish","type":"post","link":"https:\/\/vrtec-sezana.si\/?p=21447","title":{"rendered":"Na\u0161 prvi pust v vrtcu"},"content":{"rendered":"\n<p><\/p>\n\n\n\n<p>Pustovanje v vrtcu je vedno veselo in barvito, \u0161e posebej, ko se otroci prvi\u010d sre\u010dajo z vsemi \u010darobnimi trenutki tega obi\u010daja. Tokrat so otroci do\u017eiveli prav posebno pustno zabavo, polno smeha, igre in plesa.<\/p>\n\n\n\n<p>Za za\u010detek smo se vsi skupaj oblekli v pustna obla\u010dila. Otroci so, skupaj s star\u0161i, &nbsp;izbrali razli\u010dne pustne maske, od pisanih in sme\u0161nih \u017eivali do junakov iz pravljic. Ko so se oblekli, so si med seboj ogledovali nove podobe in se smejali v ogledalu, navdu\u0161eni nad tem, kako se spremenijo v nekaj povsem posebnega. Majhni obrazi so sijali od veselja, saj so spoznali, kako zabavno je biti nekdo drug za en dan.<\/p>\n\n\n\n<p>Sledil je pravi pustni raj, kjer smo si ob glasbi priredili pravo rajanje v telovadnici. Glasba je napolnila prostor, otroci pa so s skoki in plesom u\u017eivali v vsakem trenutku. Gibanje je bilo del zabave, otroci so u\u017eivali v skakanju, teku, plezanju in plazenju in v preprostih gibalnih igrah, ki so jih spremljali smeh in veselje.<\/p>\n\n\n\n<p>Po vsem tem gibanju je sledil sladek zaklju\u010dek dneva \u2013 krofi! Otroci so se sladkali in u\u017eivali v vsakem gri\u017eljaju, kar je bil popoln zaklju\u010dek pustnega rajanja. Utrujeni, a polni novih vtisov, so otroci na koncu dopoldneva zaspali.<\/p>\n\n\n\n<p>Pustovanje je bilo res \u010dudovito do\u017eivetje, ki nam je prineslo veliko veselja in dragocenih spominov na veselo in barvito pustno obdobje.<\/p>\n\n\n\n<p>Besedilo: Nika Lah Kari\u017e<\/p>\n\n\n\n<p>Fotografije: Nika Lah Kari\u017e<\/p>\n\n\n\n<p><\/p>\n\n\n\n<div class=\"wp-block-buttons is-layout-flex wp-block-buttons-is-layout-flex\">\n<div class=\"wp-block-button\"><a class=\"wp-block-button__link wp-element-button\" href=\"https:\/\/vrtec-sezana.si\/?page_id=21434\">GALERIJA<\/a><\/div>\n\n\n\n\n<\/div>\n","protected":false},"excerpt":{"rendered":"<p>Pustovanje v vrtcu je vedno veselo in barvito, \u0161e posebej, ko se otroci prvi\u010d sre\u010dajo z vsemi \u010darobnimi trenutki tega obi\u010daja. Tokrat so otroci do\u017eiveli prav posebno pustno zabavo, polno smeha, igre in plesa. Za za\u010detek smo se vsi skupaj oblekli v&#8230;<\/p>\n","protected":false},"author":4,"featured_media":21430,"comment_status":"closed","ping_status":"closed","sticky":false,"template":"","format":"standard","meta":{"footnotes":""},"categories":[6],"tags":[],"jetpack_featured_media_url":"https:\/\/vrtec-sezana.si\/wp-content\/uploads\/2025\/03\/1741090253256-scaled.jpg","_links":{"self":[{"href":"https:\/\/vrtec-sezana.si\/index.php?rest_route=\/wp\/v2\/posts\/21447"}],"collection":[{"href":"https:\/\/vrtec-sezana.si\/index.php?rest_route=\/wp\/v2\/posts"}],"about":[{"href":"https:\/\/vrtec-sezana.si\/index.php?rest_route=\/wp\/v2\/types\/post"}],"author":[{"embeddable":true,"href":"https:\/\/vrtec-sezana.si\/index.php?rest_route=\/wp\/v2\/users\/4"}],"replies":[{"embeddable":true,"href":"https:\/\/vrtec-sezana.si\/index.php?rest_route=%2Fwp%2Fv2%2Fcomments&post=21447"}],"version-history":[{"count":2,"href":"https:\/\/vrtec-sezana.si\/index.php?rest_route=\/wp\/v2\/posts\/21447\/revisions"}],"predecessor-version":[{"id":21454,"href":"https:\/\/vrtec-sezana.si\/index.php?rest_route=\/wp\/v2\/posts\/21447\/revisions\/21454"}],"wp:featuredmedia":[{"embeddable":true,"href":"https:\/\/vrtec-sezana.si\/index.php?rest_route=\/wp\/v2\/media\/21430"}],"wp:attachment":[{"href":"https:\/\/vrtec-sezana.si\/index.php?rest_route=%2Fwp%2Fv2%2Fmedia&parent=21447"}],"wp:term":[{"taxonomy":"category","embeddable":true,"href":"https:\/\/vrtec-sezana.si\/index.php?rest_route=%2Fwp%2Fv2%2Fcategories&post=21447"},{"taxonomy":"post_tag","embeddable":true,"href":"https:\/\/vrtec-sezana.si\/index.php?rest_route=%2Fwp%2Fv2%2Ftags&post=21447"}],"curies":[{"name":"wp","href":"https:\/\/api.w.org\/{rel}","templated":true}]}}