{"id":21385,"date":"2025-03-03T13:37:34","date_gmt":"2025-03-03T12:37:34","guid":{"rendered":"https:\/\/vrtec-sezana.si\/?p=21385"},"modified":"2025-03-03T13:37:34","modified_gmt":"2025-03-03T12:37:34","slug":"sopek-za-babico","status":"publish","type":"post","link":"https:\/\/vrtec-sezana.si\/?p=21385","title":{"rendered":"\u0160opek za babico"},"content":{"rendered":"\n<p>V januarju smo v vrtec prejeli vabilo za sodelovanje v dobrodelnem projektu, v katerem je pisalo: \u00bb<em>Sredi\u0161\u010de Rotunda<\/em><em>\u00a0v sodelovanju z\u00a0Parkom Istra, Zavodom Dobra pot in Zavodom Sopotniki\u00a0v okviru konzorcija\u00a0&#8220;P-AOS: Prostovoljci &#8211; aktivni oblikovalci skupnosti&#8221;\u00a0organizira sr\u010den projekt <\/em><em>\u00bb\u0160opek za babico\u00ab, <\/em><em>s katerim bomo \u017ee peto leto zapored obele\u017eili\u00a0mednarodni dan \u017eena\u00a0na poseben na\u010din. Ob 8. marcu \u017eelimo razveseliti\u00a0babice s Krasa, Brkinov in Istre\u00a0ter jim polep\u0161ati prazni\u010dni dan s toplimi pozornostmi, ki jih bodo ustvarili otroci, dru\u017eine in vsi, ki \u017eelijo sodelovati v tej lepi pobudi<\/em>.\u00a0<br><em>Aktivnost sofinancira Ministrstvo za javno upravo v okviru javnega razpisa za razvoj in profesionalizacijo NVO in prostovoljstva 2024.<\/em><em>\u00ab<\/em><\/p>\n\n\n\n<p>Otroci iz skupine Dinozavri zelo radi ustvarjajo, zato smo se skupaj odlo\u010dili, da se prijavimo in sodelujemo. Otroci so hitro podali nekaj idej kaj bi izdelali in tako smo se lotili dela. Veliko smo strigli, rezali, barvali, sestavljali, lepili,&#8230; Izpod pridnih otro\u0161kih rok je nastalo veliko barvitih ro\u017eic in sr\u010dkov z gumbi sre\u010de, ki bodo razveseljevali babice po Krasu, Brkinih in Istri.<br><\/p>\n\n\n\n<p>Izjave otrok:<br>\u00bbKako bo vesela ta babica.\u00ab<br>\u00bbPoglej mojo. Kako sem pobarvala.\u00ab<br>\u00bbJaz bom vse rde\u010de pobarval. Bo tako lepo.\u00ab<br>\u00bbTudi za mojo babico bom naredila.\u00ab<br>\u00bbZa mojo nono tudi.\u00ab<br>\u00bbKolko veliko in dosti smo jih nardili.\u00ab<br>\u00bbSi pre\u0161tela gumbe? Bo dosti sre\u010de.\u00ab<br>\u00bbJa, bo ta nona sre\u010dna.\u00ab<br>\u00bbJaz sem tako barvala s \u010dopi\u010dem.\u00ab<br>\u00bbPotem je Tina pisala. Tako s takim lepim svin\u010dnikom.\u00ab <\/p>\n\n\n\n<p>Besedilo: Maja Anderli\u010d Mo\u017ee<br>Fotografije: Tina Orel<\/p>\n\n\n\n<div class=\"wp-block-buttons is-layout-flex wp-block-buttons-is-layout-flex\">\n<div class=\"wp-block-button\"><a class=\"wp-block-button__link wp-element-button\" href=\"https:\/\/vrtec-sezana.si\/?page_id=21367\">GALERIJA<\/a><\/div>\n<\/div>\n","protected":false},"excerpt":{"rendered":"<p>V januarju smo v vrtec prejeli vabilo za sodelovanje v dobrodelnem projektu, v katerem je pisalo: \u00bbSredi\u0161\u010de Rotunda\u00a0v sodelovanju z\u00a0Parkom Istra, Zavodom Dobra pot in Zavodom Sopotniki\u00a0v okviru konzorcija\u00a0&#8220;P-AOS: Prostovoljci &#8211; aktivni oblikovalci skupnosti&#8221;\u00a0organizira sr\u010den projekt \u00bb\u0160opek za babico\u00ab, s katerim bomo&#8230;<\/p>\n","protected":false},"author":34,"featured_media":21380,"comment_status":"closed","ping_status":"closed","sticky":false,"template":"","format":"standard","meta":{"footnotes":""},"categories":[13],"tags":[],"jetpack_featured_media_url":"https:\/\/vrtec-sezana.si\/wp-content\/uploads\/2025\/03\/IMG_20250224_095215-scaled.jpg","_links":{"self":[{"href":"https:\/\/vrtec-sezana.si\/index.php?rest_route=\/wp\/v2\/posts\/21385"}],"collection":[{"href":"https:\/\/vrtec-sezana.si\/index.php?rest_route=\/wp\/v2\/posts"}],"about":[{"href":"https:\/\/vrtec-sezana.si\/index.php?rest_route=\/wp\/v2\/types\/post"}],"author":[{"embeddable":true,"href":"https:\/\/vrtec-sezana.si\/index.php?rest_route=\/wp\/v2\/users\/34"}],"replies":[{"embeddable":true,"href":"https:\/\/vrtec-sezana.si\/index.php?rest_route=%2Fwp%2Fv2%2Fcomments&post=21385"}],"version-history":[{"count":1,"href":"https:\/\/vrtec-sezana.si\/index.php?rest_route=\/wp\/v2\/posts\/21385\/revisions"}],"predecessor-version":[{"id":21386,"href":"https:\/\/vrtec-sezana.si\/index.php?rest_route=\/wp\/v2\/posts\/21385\/revisions\/21386"}],"wp:featuredmedia":[{"embeddable":true,"href":"https:\/\/vrtec-sezana.si\/index.php?rest_route=\/wp\/v2\/media\/21380"}],"wp:attachment":[{"href":"https:\/\/vrtec-sezana.si\/index.php?rest_route=%2Fwp%2Fv2%2Fmedia&parent=21385"}],"wp:term":[{"taxonomy":"category","embeddable":true,"href":"https:\/\/vrtec-sezana.si\/index.php?rest_route=%2Fwp%2Fv2%2Fcategories&post=21385"},{"taxonomy":"post_tag","embeddable":true,"href":"https:\/\/vrtec-sezana.si\/index.php?rest_route=%2Fwp%2Fv2%2Ftags&post=21385"}],"curies":[{"name":"wp","href":"https:\/\/api.w.org\/{rel}","templated":true}]}}