{"id":21365,"date":"2025-03-03T13:30:13","date_gmt":"2025-03-03T12:30:13","guid":{"rendered":"https:\/\/vrtec-sezana.si\/?p=21365"},"modified":"2025-03-03T13:30:13","modified_gmt":"2025-03-03T12:30:13","slug":"pohod-ob-suhih-zidovih","status":"publish","type":"post","link":"https:\/\/vrtec-sezana.si\/?p=21365","title":{"rendered":"Pohod ob suhih zidovih"},"content":{"rendered":"\n<p>Kra\u0161ka gmajna, bori, suhi zidovi, kamenje \u2013 skratka Kras v katerem smo u\u017eivali celo dopoldne.<br><br>Pot nas je vodila \u010dez drn in strn, \u010dez ograde obdane s suhimi zidovi, po kamniti poti vse do cilja na velikem travniku, kjer smo si privo\u0161\u010dili malico.<br>Raziskovali smo suhi zid, ga otipali, tudi povohali in si ogledali kako je sestavljen, kak\u0161ni so kamni, katere rastline rastejo na njem in v okolici,&#8230;Na travniku smo odkrili velike krtine, ob katerih smo izvedli vaje senzibilizacije, na najve\u010dji pa smo postavili mandalo iz razli\u010dnih kamen\u010dkov, vejic, listja,&#8230; in tako oblikovali krajino- \u00bbLand art\u00ab.<br>V bli\u017enjem gozdi\u010dku so se otroci preizkusili v plezanju po drevesih, na travniku pa v premagovanju poligona iz naravnih materialov in v skakanju \u010dez bale sena.<br>Ob povratku smo pozdravili \u0161e ovce, bikca in konji\u010dke. \u00bbJutri predemo spet!\u00ab<\/p>\n\n\n\n<p>Besedilo: Maja Anderli\u010d Mo\u017ee<br>Fotografije: Tina Orel<\/p>\n\n\n\n<div class=\"wp-block-buttons is-layout-flex wp-block-buttons-is-layout-flex\">\n<div class=\"wp-block-button\"><a class=\"wp-block-button__link wp-element-button\" href=\"https:\/\/vrtec-sezana.si\/?page_id=21342\">GALERIJA<\/a><\/div>\n<\/div>\n","protected":false},"excerpt":{"rendered":"<p>Kra\u0161ka gmajna, bori, suhi zidovi, kamenje \u2013 skratka Kras v katerem smo u\u017eivali celo dopoldne. Pot nas je vodila \u010dez drn in strn, \u010dez ograde obdane s suhimi zidovi, po kamniti poti vse do cilja na velikem travniku, kjer smo si privo\u0161\u010dili&#8230;<\/p>\n","protected":false},"author":34,"featured_media":21351,"comment_status":"closed","ping_status":"closed","sticky":false,"template":"","format":"standard","meta":{"footnotes":""},"categories":[13],"tags":[],"jetpack_featured_media_url":"https:\/\/vrtec-sezana.si\/wp-content\/uploads\/2025\/03\/IMG_20250204_103455-scaled.jpg","_links":{"self":[{"href":"https:\/\/vrtec-sezana.si\/index.php?rest_route=\/wp\/v2\/posts\/21365"}],"collection":[{"href":"https:\/\/vrtec-sezana.si\/index.php?rest_route=\/wp\/v2\/posts"}],"about":[{"href":"https:\/\/vrtec-sezana.si\/index.php?rest_route=\/wp\/v2\/types\/post"}],"author":[{"embeddable":true,"href":"https:\/\/vrtec-sezana.si\/index.php?rest_route=\/wp\/v2\/users\/34"}],"replies":[{"embeddable":true,"href":"https:\/\/vrtec-sezana.si\/index.php?rest_route=%2Fwp%2Fv2%2Fcomments&post=21365"}],"version-history":[{"count":1,"href":"https:\/\/vrtec-sezana.si\/index.php?rest_route=\/wp\/v2\/posts\/21365\/revisions"}],"predecessor-version":[{"id":21366,"href":"https:\/\/vrtec-sezana.si\/index.php?rest_route=\/wp\/v2\/posts\/21365\/revisions\/21366"}],"wp:featuredmedia":[{"embeddable":true,"href":"https:\/\/vrtec-sezana.si\/index.php?rest_route=\/wp\/v2\/media\/21351"}],"wp:attachment":[{"href":"https:\/\/vrtec-sezana.si\/index.php?rest_route=%2Fwp%2Fv2%2Fmedia&parent=21365"}],"wp:term":[{"taxonomy":"category","embeddable":true,"href":"https:\/\/vrtec-sezana.si\/index.php?rest_route=%2Fwp%2Fv2%2Fcategories&post=21365"},{"taxonomy":"post_tag","embeddable":true,"href":"https:\/\/vrtec-sezana.si\/index.php?rest_route=%2Fwp%2Fv2%2Ftags&post=21365"}],"curies":[{"name":"wp","href":"https:\/\/api.w.org\/{rel}","templated":true}]}}