{"id":21340,"date":"2025-03-03T13:23:40","date_gmt":"2025-03-03T12:23:40","guid":{"rendered":"https:\/\/vrtec-sezana.si\/?p=21340"},"modified":"2025-03-03T13:23:40","modified_gmt":"2025-03-03T12:23:40","slug":"voda-cudezna-tekocina","status":"publish","type":"post","link":"https:\/\/vrtec-sezana.si\/?p=21340","title":{"rendered":"Voda \u010dude\u017ena teko\u010dina"},"content":{"rendered":"\n<p>Vse se je za\u010delo nekega de\u017eevnega dne, ko smo se vrnili s sprehoda po de\u017eju.<br>Otroci so odkrivali in spoznavali vodo v razli\u010dnih pojavnih oblikah. Opravili smo poizkuse:&nbsp; izhlapevanje teko\u010din, taljenje ledu, me\u0161anje vode z drugimi teko\u010dinami, plava ali potone, me\u0161anje barv,&#8230;&nbsp;<br>\u00bbVoda v lu\u017eah je bila umazana. Ali jo lahko o\u010distimo?\u00ab<br>\u00bbJe voda pri\u0161la gor in se je pobarvalo. Poglej, je prava mavrica.\u00ab<br>\u00bbKaj plava in kaj potone?\u00ab<br>\u00bbPoglej kako pokajo semena. Tam je bilo zalito in je zrastlo.\u00ab<br>\u00bbPoglej kako se je razlilo! To je prava \u010darovnija.\u00ab<br>\u00bbKoliko vode lahko zadr\u017ei mah\u00ab<\/p>\n\n\n\n<p>Na prilo\u017eenih fotografijah si poglejte kako smo raziskovali in se zabavali.<\/p>\n\n\n\n<p>Besedilo: Maja Anderli\u010d Mo\u017ee<br>Fotografije: Tina Orel<\/p>\n\n\n\n<div class=\"wp-block-buttons is-layout-flex wp-block-buttons-is-layout-flex\">\n<div class=\"wp-block-button\"><a class=\"wp-block-button__link wp-element-button\" href=\"https:\/\/vrtec-sezana.si\/?page_id=21318\">GALERIJA<\/a><\/div>\n<\/div>\n","protected":false},"excerpt":{"rendered":"<p>Vse se je za\u010delo nekega de\u017eevnega dne, ko smo se vrnili s sprehoda po de\u017eju.Otroci so odkrivali in spoznavali vodo v razli\u010dnih pojavnih oblikah. Opravili smo poizkuse:&nbsp; izhlapevanje teko\u010din, taljenje ledu, me\u0161anje vode z drugimi teko\u010dinami, plava ali potone, me\u0161anje barv,&#8230;&nbsp;\u00bbVoda v&#8230;<\/p>\n","protected":false},"author":34,"featured_media":21338,"comment_status":"closed","ping_status":"closed","sticky":false,"template":"","format":"standard","meta":{"footnotes":""},"categories":[13],"tags":[],"jetpack_featured_media_url":"https:\/\/vrtec-sezana.si\/wp-content\/uploads\/2025\/03\/IMG_20250207_151008-scaled.jpg","_links":{"self":[{"href":"https:\/\/vrtec-sezana.si\/index.php?rest_route=\/wp\/v2\/posts\/21340"}],"collection":[{"href":"https:\/\/vrtec-sezana.si\/index.php?rest_route=\/wp\/v2\/posts"}],"about":[{"href":"https:\/\/vrtec-sezana.si\/index.php?rest_route=\/wp\/v2\/types\/post"}],"author":[{"embeddable":true,"href":"https:\/\/vrtec-sezana.si\/index.php?rest_route=\/wp\/v2\/users\/34"}],"replies":[{"embeddable":true,"href":"https:\/\/vrtec-sezana.si\/index.php?rest_route=%2Fwp%2Fv2%2Fcomments&post=21340"}],"version-history":[{"count":1,"href":"https:\/\/vrtec-sezana.si\/index.php?rest_route=\/wp\/v2\/posts\/21340\/revisions"}],"predecessor-version":[{"id":21341,"href":"https:\/\/vrtec-sezana.si\/index.php?rest_route=\/wp\/v2\/posts\/21340\/revisions\/21341"}],"wp:featuredmedia":[{"embeddable":true,"href":"https:\/\/vrtec-sezana.si\/index.php?rest_route=\/wp\/v2\/media\/21338"}],"wp:attachment":[{"href":"https:\/\/vrtec-sezana.si\/index.php?rest_route=%2Fwp%2Fv2%2Fmedia&parent=21340"}],"wp:term":[{"taxonomy":"category","embeddable":true,"href":"https:\/\/vrtec-sezana.si\/index.php?rest_route=%2Fwp%2Fv2%2Fcategories&post=21340"},{"taxonomy":"post_tag","embeddable":true,"href":"https:\/\/vrtec-sezana.si\/index.php?rest_route=%2Fwp%2Fv2%2Ftags&post=21340"}],"curies":[{"name":"wp","href":"https:\/\/api.w.org\/{rel}","templated":true}]}}