{"id":21316,"date":"2025-03-03T13:09:10","date_gmt":"2025-03-03T12:09:10","guid":{"rendered":"https:\/\/vrtec-sezana.si\/?p=21316"},"modified":"2025-03-03T13:09:11","modified_gmt":"2025-03-03T12:09:11","slug":"dan-odprtih-vrat","status":"publish","type":"post","link":"https:\/\/vrtec-sezana.si\/?p=21316","title":{"rendered":"Dan odprtih vrat"},"content":{"rendered":"\n<p>V petek, 7.2.2025 smo bili vabljeni v O\u0160 Lokev na \u00bbDan odprtih vrat\u00ab.<br>O tej prilo\u017enosti so u\u010denci in u\u010diteljice pripravili kraj\u0161i kulturni program ob slovenskem kulturnem prazniku. Predstavili so se vsi u\u010denci O\u0160 Lokev in nam pokazali svoje glasbeno- umetni\u0161ke talente. Praznovanje so zaklu\u010dili z naslednjimi besedami: \u00bbPraznovanje kulture ni le izraz umetnosti, temve\u010d tudi \u010dlove\u0161ke povezanosti, ustvarjalnosti in razumevanja. Naj nas kultura povezuje in navdihuje, da bomo skupaj gradili svet, ki bo spo\u0161tljiv in prijazen do vsakega.\u00ab<br>Po prireditvi so si gostje, star\u0161i in otroci ogledali \u0161olske prostore, se posladkali s pi\u0161koti in se preizkusili v\u00a0 ustvarjalnih delavnicah, kjer so izdelovali pti\u010dke iz papirja in volne.<br>Hvala u\u010diteljicam in u\u010dencem iz podru\u017eni\u010dne O\u0160 Lokev za vabilo. Imeli smo se zelo lepo.<\/p>\n\n\n\n<p>Besedilo: Maja Anderli\u010d Mo\u017ee<br>Fotografije: arhiv vrtca Lokev<\/p>\n\n\n\n<div class=\"wp-block-buttons is-layout-flex wp-block-buttons-is-layout-flex\">\n<div class=\"wp-block-button\"><a class=\"wp-block-button__link wp-element-button\" href=\"https:\/\/vrtec-sezana.si\/?page_id=21295\">GALERIJA<\/a><\/div>\n<\/div>\n","protected":false},"excerpt":{"rendered":"<p>V petek, 7.2.2025 smo bili vabljeni v O\u0160 Lokev na \u00bbDan odprtih vrat\u00ab.O tej prilo\u017enosti so u\u010denci in u\u010diteljice pripravili kraj\u0161i kulturni program ob slovenskem kulturnem prazniku. Predstavili so se vsi u\u010denci O\u0160 Lokev in nam pokazali svoje glasbeno- umetni\u0161ke talente. Praznovanje&#8230;<\/p>\n","protected":false},"author":34,"featured_media":21314,"comment_status":"closed","ping_status":"closed","sticky":false,"template":"","format":"standard","meta":{"footnotes":""},"categories":[13],"tags":[],"jetpack_featured_media_url":"https:\/\/vrtec-sezana.si\/wp-content\/uploads\/2025\/03\/1741003500652-scaled.jpg","_links":{"self":[{"href":"https:\/\/vrtec-sezana.si\/index.php?rest_route=\/wp\/v2\/posts\/21316"}],"collection":[{"href":"https:\/\/vrtec-sezana.si\/index.php?rest_route=\/wp\/v2\/posts"}],"about":[{"href":"https:\/\/vrtec-sezana.si\/index.php?rest_route=\/wp\/v2\/types\/post"}],"author":[{"embeddable":true,"href":"https:\/\/vrtec-sezana.si\/index.php?rest_route=\/wp\/v2\/users\/34"}],"replies":[{"embeddable":true,"href":"https:\/\/vrtec-sezana.si\/index.php?rest_route=%2Fwp%2Fv2%2Fcomments&post=21316"}],"version-history":[{"count":1,"href":"https:\/\/vrtec-sezana.si\/index.php?rest_route=\/wp\/v2\/posts\/21316\/revisions"}],"predecessor-version":[{"id":21317,"href":"https:\/\/vrtec-sezana.si\/index.php?rest_route=\/wp\/v2\/posts\/21316\/revisions\/21317"}],"wp:featuredmedia":[{"embeddable":true,"href":"https:\/\/vrtec-sezana.si\/index.php?rest_route=\/wp\/v2\/media\/21314"}],"wp:attachment":[{"href":"https:\/\/vrtec-sezana.si\/index.php?rest_route=%2Fwp%2Fv2%2Fmedia&parent=21316"}],"wp:term":[{"taxonomy":"category","embeddable":true,"href":"https:\/\/vrtec-sezana.si\/index.php?rest_route=%2Fwp%2Fv2%2Fcategories&post=21316"},{"taxonomy":"post_tag","embeddable":true,"href":"https:\/\/vrtec-sezana.si\/index.php?rest_route=%2Fwp%2Fv2%2Ftags&post=21316"}],"curies":[{"name":"wp","href":"https:\/\/api.w.org\/{rel}","templated":true}]}}