{"id":21290,"date":"2025-03-02T13:27:49","date_gmt":"2025-03-02T12:27:49","guid":{"rendered":"https:\/\/vrtec-sezana.si\/?p=21290"},"modified":"2025-03-02T13:28:31","modified_gmt":"2025-03-02T12:28:31","slug":"obisk-none-mojce-v-skupini-zabice","status":"publish","type":"post","link":"https:\/\/vrtec-sezana.si\/?p=21290","title":{"rendered":"Obisk none Mojce v skupini \u017dabice"},"content":{"rendered":"\n<p>Obiskala nas je Majeva nona Mojca, ki nam je ob slikanici Krokodilji zobobol zelo do\u017eiveto pripovedovala pravljico. \u0160e preden smo prisluhnili zgodbi je otroke vpra\u0161ala, ali jih je kdaj bolel zob, h komu gredo, \u010de jih zob boli in kako skrbijo za zanje. Otroci so se zelo razgovorili in vsak ji je povedal svojo izku\u0161njo. Nato je nona Mojca za\u010dela pripovedovati o krokodilu Kri\u0161tofu in njegovem zobobolu. Otroci so ji pozorno prisluhnili. Ko je bilo pravljice konec, smo skupaj ob ilustracijah obnovili zgodbo. Otrokom je bila pravljica zelo v\u0161e\u010d in so nato narisali svoj najljub\u0161i del zgodbe. Nona Mojca je vsakega pohvalila, saj so ji bile vse risbice zelo v\u0161e\u010d. Po risanju smo se zopet zbrali v krogu, kjer smo noni zapeli zimske pesmice in ji povedali deklamacijo Devet pogumnih mi\u0161i. Nona Mojca nas je zelo pohvalila. Skupno sre\u010danje smo zaklju\u010dili s kraj\u0161im sprehodom v okolici vrtca.<\/p>\n\n\n\n<p>Gospe Mojci se zahvaljujemo za \u010dudovito pripovedovanje pravljice in pre\u017eivet lep dopoldan v njeni dru\u017ebi.<\/p>\n\n\n\n<p>Besedilo: Mojca Mozeti\u010d<\/p>\n\n\n\n<p>Fotografija: Mojca Mozeti\u010d<\/p>\n\n\n\n<div class=\"wp-block-buttons is-layout-flex wp-block-buttons-is-layout-flex\">\n<div class=\"wp-block-button\"><a class=\"wp-block-button__link wp-element-button\" href=\"https:\/\/vrtec-sezana.si\/?page_id=21280\">GALERIJA<\/a><\/div>\n<\/div>\n","protected":false},"excerpt":{"rendered":"<p>Obiskala nas je Majeva nona Mojca, ki nam je ob slikanici Krokodilji zobobol zelo do\u017eiveto pripovedovala pravljico. \u0160e preden smo prisluhnili zgodbi je otroke vpra\u0161ala, ali jih je kdaj bolel zob, h komu gredo, \u010de jih zob boli in kako skrbijo za&#8230;<\/p>\n","protected":false},"author":16,"featured_media":21291,"comment_status":"closed","ping_status":"closed","sticky":false,"template":"","format":"standard","meta":{"footnotes":""},"categories":[15],"tags":[],"jetpack_featured_media_url":"https:\/\/vrtec-sezana.si\/wp-content\/uploads\/2025\/03\/images.jpg","_links":{"self":[{"href":"https:\/\/vrtec-sezana.si\/index.php?rest_route=\/wp\/v2\/posts\/21290"}],"collection":[{"href":"https:\/\/vrtec-sezana.si\/index.php?rest_route=\/wp\/v2\/posts"}],"about":[{"href":"https:\/\/vrtec-sezana.si\/index.php?rest_route=\/wp\/v2\/types\/post"}],"author":[{"embeddable":true,"href":"https:\/\/vrtec-sezana.si\/index.php?rest_route=\/wp\/v2\/users\/16"}],"replies":[{"embeddable":true,"href":"https:\/\/vrtec-sezana.si\/index.php?rest_route=%2Fwp%2Fv2%2Fcomments&post=21290"}],"version-history":[{"count":2,"href":"https:\/\/vrtec-sezana.si\/index.php?rest_route=\/wp\/v2\/posts\/21290\/revisions"}],"predecessor-version":[{"id":21293,"href":"https:\/\/vrtec-sezana.si\/index.php?rest_route=\/wp\/v2\/posts\/21290\/revisions\/21293"}],"wp:featuredmedia":[{"embeddable":true,"href":"https:\/\/vrtec-sezana.si\/index.php?rest_route=\/wp\/v2\/media\/21291"}],"wp:attachment":[{"href":"https:\/\/vrtec-sezana.si\/index.php?rest_route=%2Fwp%2Fv2%2Fmedia&parent=21290"}],"wp:term":[{"taxonomy":"category","embeddable":true,"href":"https:\/\/vrtec-sezana.si\/index.php?rest_route=%2Fwp%2Fv2%2Fcategories&post=21290"},{"taxonomy":"post_tag","embeddable":true,"href":"https:\/\/vrtec-sezana.si\/index.php?rest_route=%2Fwp%2Fv2%2Ftags&post=21290"}],"curies":[{"name":"wp","href":"https:\/\/api.w.org\/{rel}","templated":true}]}}