{"id":20889,"date":"2025-02-14T20:18:39","date_gmt":"2025-02-14T19:18:39","guid":{"rendered":"https:\/\/vrtec-sezana.si\/?p=20889"},"modified":"2025-02-14T20:18:39","modified_gmt":"2025-02-14T19:18:39","slug":"kulturni-dan-v-vrtcu-stanjel","status":"publish","type":"post","link":"https:\/\/vrtec-sezana.si\/?p=20889","title":{"rendered":"Kulturni dan v vrtcu \u0160tanjel"},"content":{"rendered":"\n<p>Kot vsako leto smo v vrtcu tudi letos obele\u017eili 8. februar, kulturni dan, ki je posve\u010den na\u0161emu najve\u010djemu pesniku Francetu Pre\u0161ernu. V sklopu\u00a0kulturnega praznika\u00a0 smo spoznavali pisateljico Anjo\u00a0\u0160tefan. Otroci so v vrtec prinesli njene slikanice, pesni\u0161ke zbirke in uganke, ki smo jih vsakodnevno prebirali. Ogledali\u00a0smo si animiran film Povodni mo\u017e in spoznali veliko zanimivih podatkov iz \u017eivljenja Franceta Pre\u0161erna.<\/p>\n\n\n\n<p>Otroci iz skupine \u017dabice so risali karikaturo Franceta Pre\u0161erna z ogljem, otroci iz skupine Son\u010dki so pobarvali vsak svojo slovensko zastavo, najmlaj\u0161i iz skupine Ra\u010dke pa so skupno pobarvali slovensko zastavo. Z izdelki smo okrasili na\u0161o avlo in pripravili razstavo o Anji \u0160tefan.<\/p>\n\n\n\n<p>V petek smo se zbrale v avli vse tri skupine, ki smo najprej prisluhnili na\u0161i slovenski himni. Vsaka skupina se je predstavila\u00a0z deklamacijo od pisateljice Anje \u0160tefan. Ogledali smo si posnetek predstave nekdanjih otrok: Bobek in bar\u010dica.<\/p>\n\n\n\n<p>Otroci so tako na igriv na\u010din spoznali pomembnost kulture in pesni\u0161tva v slovenskem jeziku.<\/p>\n\n\n\n<p>Besedilo: Denis Lemut<\/p>\n\n\n\n<p>Fotografija: Denis Lemut<\/p>\n\n\n\n<div class=\"wp-block-buttons is-layout-flex wp-block-buttons-is-layout-flex\">\n<div class=\"wp-block-button\"><a class=\"wp-block-button__link wp-element-button\" href=\"https:\/\/vrtec-sezana.si\/?page_id=20880\">GALERIJA<\/a><\/div>\n<\/div>\n","protected":false},"excerpt":{"rendered":"<p>Kot vsako leto smo v vrtcu tudi letos obele\u017eili 8. februar, kulturni dan, ki je posve\u010den na\u0161emu najve\u010djemu pesniku Francetu Pre\u0161ernu. V sklopu\u00a0kulturnega praznika\u00a0 smo spoznavali pisateljico Anjo\u00a0\u0160tefan. Otroci so v vrtec prinesli njene slikanice, pesni\u0161ke zbirke in uganke, ki smo jih&#8230;<\/p>\n","protected":false},"author":16,"featured_media":20881,"comment_status":"closed","ping_status":"closed","sticky":false,"template":"","format":"standard","meta":{"footnotes":""},"categories":[15],"tags":[],"jetpack_featured_media_url":"https:\/\/vrtec-sezana.si\/wp-content\/uploads\/2025\/02\/b-scaled.jpg","_links":{"self":[{"href":"https:\/\/vrtec-sezana.si\/index.php?rest_route=\/wp\/v2\/posts\/20889"}],"collection":[{"href":"https:\/\/vrtec-sezana.si\/index.php?rest_route=\/wp\/v2\/posts"}],"about":[{"href":"https:\/\/vrtec-sezana.si\/index.php?rest_route=\/wp\/v2\/types\/post"}],"author":[{"embeddable":true,"href":"https:\/\/vrtec-sezana.si\/index.php?rest_route=\/wp\/v2\/users\/16"}],"replies":[{"embeddable":true,"href":"https:\/\/vrtec-sezana.si\/index.php?rest_route=%2Fwp%2Fv2%2Fcomments&post=20889"}],"version-history":[{"count":1,"href":"https:\/\/vrtec-sezana.si\/index.php?rest_route=\/wp\/v2\/posts\/20889\/revisions"}],"predecessor-version":[{"id":20890,"href":"https:\/\/vrtec-sezana.si\/index.php?rest_route=\/wp\/v2\/posts\/20889\/revisions\/20890"}],"wp:featuredmedia":[{"embeddable":true,"href":"https:\/\/vrtec-sezana.si\/index.php?rest_route=\/wp\/v2\/media\/20881"}],"wp:attachment":[{"href":"https:\/\/vrtec-sezana.si\/index.php?rest_route=%2Fwp%2Fv2%2Fmedia&parent=20889"}],"wp:term":[{"taxonomy":"category","embeddable":true,"href":"https:\/\/vrtec-sezana.si\/index.php?rest_route=%2Fwp%2Fv2%2Fcategories&post=20889"},{"taxonomy":"post_tag","embeddable":true,"href":"https:\/\/vrtec-sezana.si\/index.php?rest_route=%2Fwp%2Fv2%2Ftags&post=20889"}],"curies":[{"name":"wp","href":"https:\/\/api.w.org\/{rel}","templated":true}]}}