{"id":20847,"date":"2025-02-14T08:48:10","date_gmt":"2025-02-14T07:48:10","guid":{"rendered":"https:\/\/vrtec-sezana.si\/?p=20847"},"modified":"2025-02-14T08:53:47","modified_gmt":"2025-02-14T07:53:47","slug":"veseli-december-v-skupini-zabic","status":"publish","type":"post","link":"https:\/\/vrtec-sezana.si\/?p=20847","title":{"rendered":"Veseli december v skupini \u017dabic"},"content":{"rendered":"\n<p><\/p>\n\n\n\n<p>Veseli december je pri \u017eabicah potekal v prazni\u010dnem, spro\u0161\u010denem vzdu\u0161ju. Rajali smo ob glasbi, se gibali, raziskovali okolico vrtca, ogledali smo si lutkovno predstavo Zverjasec, izdelali novoletne okraske in \u0161e mnogo drugih stvari. Okraske smo prinesli tudi od doma, z njimi smo okrasili novoletno jelko v garderobi. Razveselil nas je Dedek Mraz s svojima pal\u010dkoma, ki nam je prinesel darila za skupino. Z zanimanjem smo jih odprli ter se z njimi igrali. Veliko smo se dru\u017eili tudi z otroki iz sosednjih skupin, skupaj smo risali na velike kartone, se vozili s poganjalci, plesali ob glasbi. Decembrski \u010das je kar malo prehitro minil in \u017ee je tukaj novo leto.<\/p>\n\n\n\n<p>Besedilo: Ur\u0161a Trobec<\/p>\n\n\n\n<p>Fotografije: Ur\u0161a Trobec<\/p>\n\n\n\n<p><\/p>\n\n\n\n<div class=\"wp-block-buttons is-layout-flex wp-block-buttons-is-layout-flex\">\n<div class=\"wp-block-button\"><a class=\"wp-block-button__link wp-element-button\" href=\"https:\/\/vrtec-sezana.si\/?page_id=20838\">GALERIJA<\/a><\/div>\n\n\n\n\n<\/div>\n","protected":false},"excerpt":{"rendered":"<p>Veseli december je pri \u017eabicah potekal v prazni\u010dnem, spro\u0161\u010denem vzdu\u0161ju. Rajali smo ob glasbi, se gibali, raziskovali okolico vrtca, ogledali smo si lutkovno predstavo Zverjasec, izdelali novoletne okraske in \u0161e mnogo drugih stvari. Okraske smo prinesli tudi od doma, z njimi smo&#8230;<\/p>\n","protected":false},"author":4,"featured_media":20840,"comment_status":"closed","ping_status":"closed","sticky":false,"template":"","format":"standard","meta":{"footnotes":""},"categories":[6],"tags":[],"jetpack_featured_media_url":"https:\/\/vrtec-sezana.si\/wp-content\/uploads\/2025\/02\/20241204_085558-\u2013-kopija.jpg","_links":{"self":[{"href":"https:\/\/vrtec-sezana.si\/index.php?rest_route=\/wp\/v2\/posts\/20847"}],"collection":[{"href":"https:\/\/vrtec-sezana.si\/index.php?rest_route=\/wp\/v2\/posts"}],"about":[{"href":"https:\/\/vrtec-sezana.si\/index.php?rest_route=\/wp\/v2\/types\/post"}],"author":[{"embeddable":true,"href":"https:\/\/vrtec-sezana.si\/index.php?rest_route=\/wp\/v2\/users\/4"}],"replies":[{"embeddable":true,"href":"https:\/\/vrtec-sezana.si\/index.php?rest_route=%2Fwp%2Fv2%2Fcomments&post=20847"}],"version-history":[{"count":4,"href":"https:\/\/vrtec-sezana.si\/index.php?rest_route=\/wp\/v2\/posts\/20847\/revisions"}],"predecessor-version":[{"id":20851,"href":"https:\/\/vrtec-sezana.si\/index.php?rest_route=\/wp\/v2\/posts\/20847\/revisions\/20851"}],"wp:featuredmedia":[{"embeddable":true,"href":"https:\/\/vrtec-sezana.si\/index.php?rest_route=\/wp\/v2\/media\/20840"}],"wp:attachment":[{"href":"https:\/\/vrtec-sezana.si\/index.php?rest_route=%2Fwp%2Fv2%2Fmedia&parent=20847"}],"wp:term":[{"taxonomy":"category","embeddable":true,"href":"https:\/\/vrtec-sezana.si\/index.php?rest_route=%2Fwp%2Fv2%2Fcategories&post=20847"},{"taxonomy":"post_tag","embeddable":true,"href":"https:\/\/vrtec-sezana.si\/index.php?rest_route=%2Fwp%2Fv2%2Ftags&post=20847"}],"curies":[{"name":"wp","href":"https:\/\/api.w.org\/{rel}","templated":true}]}}