{"id":20770,"date":"2025-02-10T14:57:01","date_gmt":"2025-02-10T13:57:01","guid":{"rendered":"https:\/\/vrtec-sezana.si\/?p=20770"},"modified":"2025-02-10T14:57:01","modified_gmt":"2025-02-10T13:57:01","slug":"telefon-za-vzgojna-vprasanja","status":"publish","type":"post","link":"https:\/\/vrtec-sezana.si\/?p=20770","title":{"rendered":"TELEFON ZA VZGOJNA VPRA\u0160ANJA"},"content":{"rendered":"\n<p>Svetovalni center Istre je odprl &#8220;telefon za vzgojna vpra\u0161anja&#8221;. Namenjen je star\u0161em pred\u0161olskih otrok, ko se sre\u010dajo s kak\u0161no dilemo, te\u017eavo glede vzgoje, otrokovega razvoja.<\/p>\n\n\n\n<div class=\"wp-block-file alignwide\"><object class=\"wp-block-file__embed\" data=\"https:\/\/vrtec-sezana.si\/wp-content\/uploads\/2025\/02\/Obvestilo_odprti-telefon_koncno.pdf\" type=\"application\/pdf\" style=\"width:100%;height:758px\" aria-label=\"Vdelava Obvestilo_odprti-telefon_koncno\"><\/object><a id=\"wp-block-file--media-da1567ee-74f6-45d4-bee5-86fc128ed6a0\" href=\"https:\/\/vrtec-sezana.si\/wp-content\/uploads\/2025\/02\/Obvestilo_odprti-telefon_koncno.pdf\">Obvestilo_odprti-telefon_koncno<\/a><a href=\"https:\/\/vrtec-sezana.si\/wp-content\/uploads\/2025\/02\/Obvestilo_odprti-telefon_koncno.pdf\" class=\"wp-block-file__button wp-element-button\" download aria-describedby=\"wp-block-file--media-da1567ee-74f6-45d4-bee5-86fc128ed6a0\">Download<\/a><\/div>\n\n\n\n<p><\/p>\n\n\n\n<p><\/p>\n","protected":false},"excerpt":{"rendered":"<p>Svetovalni center Istre je odprl &#8220;telefon za vzgojna vpra\u0161anja&#8221;. Namenjen je star\u0161em pred\u0161olskih otrok, ko se sre\u010dajo s kak\u0161no dilemo, te\u017eavo glede vzgoje, otrokovega razvoja.<\/p>\n","protected":false},"author":28,"featured_media":0,"comment_status":"closed","ping_status":"closed","sticky":false,"template":"","format":"standard","meta":{"footnotes":""},"categories":[20],"tags":[],"jetpack_featured_media_url":"","_links":{"self":[{"href":"https:\/\/vrtec-sezana.si\/index.php?rest_route=\/wp\/v2\/posts\/20770"}],"collection":[{"href":"https:\/\/vrtec-sezana.si\/index.php?rest_route=\/wp\/v2\/posts"}],"about":[{"href":"https:\/\/vrtec-sezana.si\/index.php?rest_route=\/wp\/v2\/types\/post"}],"author":[{"embeddable":true,"href":"https:\/\/vrtec-sezana.si\/index.php?rest_route=\/wp\/v2\/users\/28"}],"replies":[{"embeddable":true,"href":"https:\/\/vrtec-sezana.si\/index.php?rest_route=%2Fwp%2Fv2%2Fcomments&post=20770"}],"version-history":[{"count":1,"href":"https:\/\/vrtec-sezana.si\/index.php?rest_route=\/wp\/v2\/posts\/20770\/revisions"}],"predecessor-version":[{"id":20773,"href":"https:\/\/vrtec-sezana.si\/index.php?rest_route=\/wp\/v2\/posts\/20770\/revisions\/20773"}],"wp:attachment":[{"href":"https:\/\/vrtec-sezana.si\/index.php?rest_route=%2Fwp%2Fv2%2Fmedia&parent=20770"}],"wp:term":[{"taxonomy":"category","embeddable":true,"href":"https:\/\/vrtec-sezana.si\/index.php?rest_route=%2Fwp%2Fv2%2Fcategories&post=20770"},{"taxonomy":"post_tag","embeddable":true,"href":"https:\/\/vrtec-sezana.si\/index.php?rest_route=%2Fwp%2Fv2%2Ftags&post=20770"}],"curies":[{"name":"wp","href":"https:\/\/api.w.org\/{rel}","templated":true}]}}