{"id":20768,"date":"2025-02-10T12:41:20","date_gmt":"2025-02-10T11:41:20","guid":{"rendered":"https:\/\/vrtec-sezana.si\/?p=20768"},"modified":"2025-02-10T12:41:21","modified_gmt":"2025-02-10T11:41:21","slug":"pravilno-umivanje-zob","status":"publish","type":"post","link":"https:\/\/vrtec-sezana.si\/?p=20768","title":{"rendered":"Pravilno umivanje zob"},"content":{"rendered":"\n<p>V mesecu novembru smo se pogovarjali o zdravju in osebni higieni, ki vklju\u010duje tudi higieno zob. Po predhodnem dogovoru sta nas obiskali medicinski sestri iz ZD Se\u017eana in otrokom pribli\u017eali in predstavili, kako skrbimo za \u010diste in zdrave zobe.<\/p>\n\n\n\n<p>Otroka moramo spodbujati in postopoma navajati k samostojnemu \u0161\u010detkanju zob. Moramo pa upo\u0161tevati, da otrokove motori\u010dne sposobnosti \u0161e niso popolnoma razvite in da si otrok sam \u0161e ne more temeljito o\u010distiti zob. Zato je za\u017eeleno in na nek na\u010din tudi naloga star\u0161ev, da vsak dan pred spanjem \u0161\u010detkajo zobe svojih otrok. Zjutraj pa si lahko otrok sam umije zobe.<\/p>\n\n\n\n<p>Otroci so se s pomo\u010djo ter nasveti Ane in Nata\u0161e u\u010dili, kako si pravilno umijejo oz. \u0161\u010detkajo zobe. Poudarjali sta pravilen gib roke, da \u0161\u010detko vle\u010demo od dlesni proti zobu in da zdrgnemo ploskve zob, s katerimi hrano \u017eve\u010dimo, ker se tam hrana zadr\u017euje. Otroci so ju pozorno poslu\u0161ali in sledili navodilom. Na koncu so vsi ugotovili, da so si, z upo\u0161tevanjem vseh nasvetov, tokrat temeljito umili zobe. Obljubili so, da si bodo redno, dvakrat dnevno umili zobe, da bodo le ti zdravi. Na koncu smo \u0161e kot skupina prejeli pohvalo za pravilno umivanje zob<\/p>\n\n\n\n<p>Za obisk in nasvete se zahvaljujemo Ani in Nata\u0161i.&nbsp;<\/p>\n\n\n\n<p>Besedilo: Erna Fabjan\u010di\u010d<\/p>\n\n\n\n<p>Fotografija: Erna Fabjan\u010di\u010d<\/p>\n\n\n\n<p><\/p>\n\n\n\n<div class=\"wp-block-buttons is-layout-flex wp-block-buttons-is-layout-flex\">\n<div class=\"wp-block-button\"><a class=\"wp-block-button__link wp-element-button\" href=\"https:\/\/vrtec-sezana.si\/?page_id=20744\">GALERIJA<\/a><\/div>\n<\/div>\n","protected":false},"excerpt":{"rendered":"<p>V mesecu novembru smo se pogovarjali o zdravju in osebni higieni, ki vklju\u010duje tudi higieno zob. Po predhodnem dogovoru sta nas obiskali medicinski sestri iz ZD Se\u017eana in otrokom pribli\u017eali in predstavili, kako skrbimo za \u010diste in zdrave zobe. Otroka moramo spodbujati&#8230;<\/p>\n","protected":false},"author":35,"featured_media":20762,"comment_status":"closed","ping_status":"closed","sticky":false,"template":"","format":"standard","meta":{"footnotes":""},"categories":[10],"tags":[],"jetpack_featured_media_url":"https:\/\/vrtec-sezana.si\/wp-content\/uploads\/2025\/02\/naslovna-slika.jpg","_links":{"self":[{"href":"https:\/\/vrtec-sezana.si\/index.php?rest_route=\/wp\/v2\/posts\/20768"}],"collection":[{"href":"https:\/\/vrtec-sezana.si\/index.php?rest_route=\/wp\/v2\/posts"}],"about":[{"href":"https:\/\/vrtec-sezana.si\/index.php?rest_route=\/wp\/v2\/types\/post"}],"author":[{"embeddable":true,"href":"https:\/\/vrtec-sezana.si\/index.php?rest_route=\/wp\/v2\/users\/35"}],"replies":[{"embeddable":true,"href":"https:\/\/vrtec-sezana.si\/index.php?rest_route=%2Fwp%2Fv2%2Fcomments&post=20768"}],"version-history":[{"count":1,"href":"https:\/\/vrtec-sezana.si\/index.php?rest_route=\/wp\/v2\/posts\/20768\/revisions"}],"predecessor-version":[{"id":20769,"href":"https:\/\/vrtec-sezana.si\/index.php?rest_route=\/wp\/v2\/posts\/20768\/revisions\/20769"}],"wp:featuredmedia":[{"embeddable":true,"href":"https:\/\/vrtec-sezana.si\/index.php?rest_route=\/wp\/v2\/media\/20762"}],"wp:attachment":[{"href":"https:\/\/vrtec-sezana.si\/index.php?rest_route=%2Fwp%2Fv2%2Fmedia&parent=20768"}],"wp:term":[{"taxonomy":"category","embeddable":true,"href":"https:\/\/vrtec-sezana.si\/index.php?rest_route=%2Fwp%2Fv2%2Fcategories&post=20768"},{"taxonomy":"post_tag","embeddable":true,"href":"https:\/\/vrtec-sezana.si\/index.php?rest_route=%2Fwp%2Fv2%2Ftags&post=20768"}],"curies":[{"name":"wp","href":"https:\/\/api.w.org\/{rel}","templated":true}]}}