{"id":20741,"date":"2025-02-09T19:37:30","date_gmt":"2025-02-09T18:37:30","guid":{"rendered":"https:\/\/vrtec-sezana.si\/?p=20741"},"modified":"2025-02-09T21:11:19","modified_gmt":"2025-02-09T20:11:19","slug":"s-kosovelom-v-kulturo","status":"publish","type":"post","link":"https:\/\/vrtec-sezana.si\/?p=20741","title":{"rendered":"S Kosovelom v kulturo"},"content":{"rendered":"\n<p>V na\u0161i skupini Muce smo se dobro pripravili na slovenski kulturni praznik. V kulturo smo vstopili s slikanico Medvedki sladkosnedki pesnika Sre\u010dka Kosovela, saj njegove pesmi otrokom pribli\u017eajo svet poezije. Skupaj smo izbrali in se nau\u010dili pesem Son\u010dek bo\u017ea, ki smo jo vsak dan utrjevali skupno, v manj\u0161ih skupinah in ob obisku drugih oddelkov. Obiskali smo tudi kip Sre\u010dka Kosovela pred njegovo rojstno hi\u0161o (Se\u017eanska stara \u0161ola) in tam recitirali.<\/p>\n\n\n\n<p>Pogovarjali smo se o kulturi, kulturnem obna\u0161anju ter o slovenskih simbolih. Vsak otrok je dobil svoj delovni list s slovensko zastavo, ki jo je bilo potrebno pobarvati. Skupaj pa smo pobarvali veliko zastavo in jo razstavili na pano pred igralnico. Na sprehodu smo pozorno gledali in iskali zastave. Vrhunec praznovanja je bil obisk Kosovelovega doma. Pridru\u017eili so se nam otroci iz skupin \u017delvice in Lev\u010dki. Ogled je bil voden, razkazali so nam galerijo, srednjo in veliko dvorano. Najpogumnej\u0161i so recitirali pesmico Son\u010dek bo\u017ea v veliki dvorani, drugi pa kulturno prisluhnili in zaploskali. Zahvaljujemo se ga. Heleni, da si je vzela \u010das in nam razkazala Kosovelov dom. Ob vrnitvi v vrtec smo prisluhnili \u0161e slovenski himni v avli, ter tako zaklju\u010dili dan poln kulture.<\/p>\n\n\n\n<p>Izjave otrok:<\/p>\n\n\n\n<ul>\n<li><em>Smo \u0161li v Sre\u010dka Kosovela dom, vidli smo slike, smo pojali Ku\u017ea pazi.<\/em><\/li>\n\n\n\n<li><em>Mi smo pejali Ku\u017ea pazi, smo sedeli na stoli v hi\u0161i. Lili in Lana in Gal so povedali eno pesem od Kosovela Son\u010dek bo\u017ea.<\/em><\/li>\n\n\n\n<li><em>Smo pojali Sre\u010dko Kosovel, smo se \u0161li slikat, je Sa\u0161a slikala.<\/em><\/li>\n\n\n\n<li><em>Smo \u0161li v Kosovelov dom, smo \u010di\u010dali.<\/em><\/li>\n\n\n\n<li><em>Smo vidli eno teto ku pla\u010damo dinar\u010dke.<\/em><\/li>\n\n\n\n<li><em>Smo bili v risanku.<\/em><\/li>\n\n\n\n<li><em>Smo gledali risanko.<\/em><\/li>\n\n\n\n<li><em>Smo priklonali in smo peli Ku\u017ea pazi, smo peli in so ploskali.<\/em><\/li>\n\n\n\n<li><em>Kosovelov dom, smo nastopali punce in fantje.<\/em><\/li>\n\n\n\n<li><em>Smo nastopali na odru, je visok, velik.<\/em><\/li>\n\n\n\n<li><em>Muce bo\u017ea ta\u010dice smo povedali naglas, da so nas sli\u0161ali.<\/em><\/li>\n\n\n\n<li><em>Stolov je dosti, so rjavi in \u010drni.<\/em><\/li>\n\n\n\n<li><em>V galeriji je bla ladja velika. Na zidu so ble slike razli\u010dne.<\/em><\/li>\n<\/ul>\n\n\n\n<p><\/p>\n\n\n\n<p>Besedilo: Lela Smiljani\u0107<\/p>\n\n\n\n<p>Fotografije: Sa\u0161a Tera\u017e<\/p>\n\n\n\n<p><\/p>\n\n\n\n<div class=\"wp-block-buttons is-layout-flex wp-block-buttons-is-layout-flex\">\n<div class=\"wp-block-button\"><a class=\"wp-block-button__link wp-element-button\" href=\"https:\/\/vrtec-sezana.si\/?page_id=20717\">GALERIJA<\/a><\/div>\n\n\n\n\n<\/div>\n","protected":false},"excerpt":{"rendered":"<p>V na\u0161i skupini Muce smo se dobro pripravili na slovenski kulturni praznik. V kulturo smo vstopili s slikanico Medvedki sladkosnedki pesnika Sre\u010dka Kosovela, saj njegove pesmi otrokom pribli\u017eajo svet poezije. Skupaj smo izbrali in se nau\u010dili pesem Son\u010dek bo\u017ea, ki smo jo&#8230;<\/p>\n","protected":false},"author":26,"featured_media":20719,"comment_status":"closed","ping_status":"closed","sticky":false,"template":"","format":"standard","meta":{"footnotes":""},"categories":[6],"tags":[],"jetpack_featured_media_url":"https:\/\/vrtec-sezana.si\/wp-content\/uploads\/2025\/02\/IMG_4267-scaled.jpg","_links":{"self":[{"href":"https:\/\/vrtec-sezana.si\/index.php?rest_route=\/wp\/v2\/posts\/20741"}],"collection":[{"href":"https:\/\/vrtec-sezana.si\/index.php?rest_route=\/wp\/v2\/posts"}],"about":[{"href":"https:\/\/vrtec-sezana.si\/index.php?rest_route=\/wp\/v2\/types\/post"}],"author":[{"embeddable":true,"href":"https:\/\/vrtec-sezana.si\/index.php?rest_route=\/wp\/v2\/users\/26"}],"replies":[{"embeddable":true,"href":"https:\/\/vrtec-sezana.si\/index.php?rest_route=%2Fwp%2Fv2%2Fcomments&post=20741"}],"version-history":[{"count":2,"href":"https:\/\/vrtec-sezana.si\/index.php?rest_route=\/wp\/v2\/posts\/20741\/revisions"}],"predecessor-version":[{"id":20743,"href":"https:\/\/vrtec-sezana.si\/index.php?rest_route=\/wp\/v2\/posts\/20741\/revisions\/20743"}],"wp:featuredmedia":[{"embeddable":true,"href":"https:\/\/vrtec-sezana.si\/index.php?rest_route=\/wp\/v2\/media\/20719"}],"wp:attachment":[{"href":"https:\/\/vrtec-sezana.si\/index.php?rest_route=%2Fwp%2Fv2%2Fmedia&parent=20741"}],"wp:term":[{"taxonomy":"category","embeddable":true,"href":"https:\/\/vrtec-sezana.si\/index.php?rest_route=%2Fwp%2Fv2%2Fcategories&post=20741"},{"taxonomy":"post_tag","embeddable":true,"href":"https:\/\/vrtec-sezana.si\/index.php?rest_route=%2Fwp%2Fv2%2Ftags&post=20741"}],"curies":[{"name":"wp","href":"https:\/\/api.w.org\/{rel}","templated":true}]}}